{"id":38817,"date":"2023-11-04T17:29:26","date_gmt":"2023-11-04T17:29:26","guid":{"rendered":"https:\/\/discoverdouro.pt\/noticias\/a-historic-day-for-the-douro-the-protocol-to-reactivate-the-douro-line-was-signed"},"modified":"2023-11-11T18:40:47","modified_gmt":"2023-11-11T18:40:47","slug":"a-historic-day-for-the-douro-the-protocol-to-reactivate-the-douro-line-was-signed","status":"publish","type":"post","link":"https:\/\/discoverdouro.pt\/en\/a-historic-day-for-the-douro-the-protocol-to-reactivate-the-douro-line-was-signed","title":{"rendered":"A historic day for the Douro &#8211; The protocol to reactivate the Douro line was signed"},"content":{"rendered":"<p>The ceremony was attended by the Minister for Territorial Cohesion, Ana Abrunhosa and the Secretary of State for Infrastructure, Jorge Delgado, the Secretary of State for the Enhancement of the Interior, Isabel Ferreira, the mayors who make up CIMDOURO, and other figures from the North and the Region.<\/p>\n<p><\/p>\n<p>The working group is coordinated by the Northern Regional Coordination and Development Commission (CCDR-N), represented at the ceremony by its President Prof. Ant\u00f3nio Cunha,&nbsp;. It also includes two mayors, representing the Douro Intermunicipal Community, Jos\u00e9 Manuel Gon\u00e7alves, Mayor of Peso da R\u00e9gua and Eng. Gustavo Duarte, Mayor of Vila Nova de F\u00f4z- Coa,&nbsp;and Infraestruturas de Portugal.<\/p>\n","protected":false},"excerpt":{"rendered":"<p>Last Friday, the cooperation protocol for the reactivation of the Douro Line between Pocinho and Barca d&#8217;Alva was signed at the Douro Museum in Peso da R\u00e9gua. This was the starting point for the 14-month study to find out what investments need to be made so that this section of the Douro line can be repaired. A 28-kilometer stretch that was closed in 1988.<\/p>\n","protected":false},"author":34,"featured_media":33743,"comment_status":"open","ping_status":"open","sticky":false,"template":"","format":"standard","meta":{"footnotes":""},"categories":[134],"tags":[],"class_list":["post-38817","post","type-post","status-publish","format-standard","has-post-thumbnail","hentry","category-nao-categorizado"],"acf":[],"yoast_head":"<!-- This site is optimized with the Yoast SEO plugin v26.2 - https:\/\/yoast.com\/wordpress\/plugins\/seo\/ -->\n<title>A historic day for the Douro - The protocol to reactivate the Douro line was signed - Discover Douro<\/title>\n<meta name=\"robots\" content=\"index, follow, max-snippet:-1, max-image-preview:large, max-video-preview:-1\" \/>\n<link rel=\"canonical\" href=\"https:\/\/discoverdouro.pt\/en\/a-historic-day-for-the-douro-the-protocol-to-reactivate-the-douro-line-was-signed\" \/>\n<meta property=\"og:locale\" content=\"en_US\" \/>\n<meta property=\"og:type\" content=\"article\" \/>\n<meta property=\"og:title\" content=\"A historic day for the Douro - The protocol to reactivate the Douro line was signed - Discover Douro\" \/>\n<meta property=\"og:description\" content=\"Last Friday, the cooperation protocol for the reactivation of the Douro Line between Pocinho and Barca d&#039;Alva was signed at the Douro Museum in Peso da R\u00e9gua. This was the starting point for the 14-month study to find out what investments need to be made so that this section of the Douro line can be repaired. A 28-kilometer stretch that was closed in 1988.\" \/>\n<meta property=\"og:url\" content=\"https:\/\/discoverdouro.pt\/en\/a-historic-day-for-the-douro-the-protocol-to-reactivate-the-douro-line-was-signed\" \/>\n<meta property=\"og:site_name\" content=\"Discover Douro\" \/>\n<meta property=\"article:publisher\" content=\"https:\/\/www.facebook.com\/profile.php?id=61555234744391\" \/>\n<meta property=\"article:published_time\" content=\"2023-11-04T17:29:26+00:00\" \/>\n<meta property=\"article:modified_time\" content=\"2023-11-11T18:40:47+00:00\" \/>\n<meta property=\"og:image\" content=\"https:\/\/discoverdouro.pt\/wp-content\/uploads\/2023\/11\/64da04d182738b73a21cf3ba.jpeg\" \/>\n\t<meta property=\"og:image:width\" content=\"513\" \/>\n\t<meta property=\"og:image:height\" content=\"288\" \/>\n\t<meta property=\"og:image:type\" content=\"image\/jpeg\" \/>\n<meta name=\"author\" content=\"Rui Manuel\" \/>\n<meta name=\"twitter:card\" content=\"summary_large_image\" \/>\n<meta name=\"twitter:creator\" content=\"@DiscoverDouro\" \/>\n<meta name=\"twitter:site\" content=\"@DiscoverDouro\" \/>\n<meta name=\"twitter:label1\" content=\"Written by\" \/>\n\t<meta name=\"twitter:data1\" content=\"Rui Manuel\" \/>\n\t<meta name=\"twitter:label2\" content=\"Est. reading time\" \/>\n\t<meta name=\"twitter:data2\" content=\"1 minute\" \/>\n<script type=\"application\/ld+json\" class=\"yoast-schema-graph\">{\"@context\":\"https:\/\/schema.org\",\"@graph\":[{\"@type\":\"Article\",\"@id\":\"https:\/\/discoverdouro.pt\/en\/a-historic-day-for-the-douro-the-protocol-to-reactivate-the-douro-line-was-signed#article\",\"isPartOf\":{\"@id\":\"https:\/\/discoverdouro.pt\/en\/a-historic-day-for-the-douro-the-protocol-to-reactivate-the-douro-line-was-signed\"},\"author\":{\"name\":\"Rui Manuel\",\"@id\":\"https:\/\/discoverdouro.pt\/en#\/schema\/person\/65707aa95bad001fb9a6281d98cb9e2c\"},\"headline\":\"A historic day for the Douro &#8211; The protocol to reactivate the Douro line was signed\",\"datePublished\":\"2023-11-04T17:29:26+00:00\",\"dateModified\":\"2023-11-11T18:40:47+00:00\",\"mainEntityOfPage\":{\"@id\":\"https:\/\/discoverdouro.pt\/en\/a-historic-day-for-the-douro-the-protocol-to-reactivate-the-douro-line-was-signed\"},\"wordCount\":127,\"commentCount\":0,\"publisher\":{\"@id\":\"https:\/\/discoverdouro.pt\/en#organization\"},\"image\":{\"@id\":\"https:\/\/discoverdouro.pt\/en\/a-historic-day-for-the-douro-the-protocol-to-reactivate-the-douro-line-was-signed#primaryimage\"},\"thumbnailUrl\":\"https:\/\/discoverdouro.pt\/wp-content\/uploads\/2023\/11\/64da04d182738b73a21cf3ba.jpeg\",\"articleSection\":[\"N\u00e3o categorizado\"],\"inLanguage\":\"en\",\"potentialAction\":[{\"@type\":\"CommentAction\",\"name\":\"Comment\",\"target\":[\"https:\/\/discoverdouro.pt\/en\/a-historic-day-for-the-douro-the-protocol-to-reactivate-the-douro-line-was-signed#respond\"]}]},{\"@type\":\"WebPage\",\"@id\":\"https:\/\/discoverdouro.pt\/en\/a-historic-day-for-the-douro-the-protocol-to-reactivate-the-douro-line-was-signed\",\"url\":\"https:\/\/discoverdouro.pt\/en\/a-historic-day-for-the-douro-the-protocol-to-reactivate-the-douro-line-was-signed\",\"name\":\"A historic day for the Douro - The protocol to reactivate the Douro line was signed - Discover Douro\",\"isPartOf\":{\"@id\":\"https:\/\/discoverdouro.pt\/en#website\"},\"primaryImageOfPage\":{\"@id\":\"https:\/\/discoverdouro.pt\/en\/a-historic-day-for-the-douro-the-protocol-to-reactivate-the-douro-line-was-signed#primaryimage\"},\"image\":{\"@id\":\"https:\/\/discoverdouro.pt\/en\/a-historic-day-for-the-douro-the-protocol-to-reactivate-the-douro-line-was-signed#primaryimage\"},\"thumbnailUrl\":\"https:\/\/discoverdouro.pt\/wp-content\/uploads\/2023\/11\/64da04d182738b73a21cf3ba.jpeg\",\"datePublished\":\"2023-11-04T17:29:26+00:00\",\"dateModified\":\"2023-11-11T18:40:47+00:00\",\"breadcrumb\":{\"@id\":\"https:\/\/discoverdouro.pt\/en\/a-historic-day-for-the-douro-the-protocol-to-reactivate-the-douro-line-was-signed#breadcrumb\"},\"inLanguage\":\"en\",\"potentialAction\":[{\"@type\":\"ReadAction\",\"target\":[\"https:\/\/discoverdouro.pt\/en\/a-historic-day-for-the-douro-the-protocol-to-reactivate-the-douro-line-was-signed\"]}]},{\"@type\":\"ImageObject\",\"inLanguage\":\"en\",\"@id\":\"https:\/\/discoverdouro.pt\/en\/a-historic-day-for-the-douro-the-protocol-to-reactivate-the-douro-line-was-signed#primaryimage\",\"url\":\"https:\/\/discoverdouro.pt\/wp-content\/uploads\/2023\/11\/64da04d182738b73a21cf3ba.jpeg\",\"contentUrl\":\"https:\/\/discoverdouro.pt\/wp-content\/uploads\/2023\/11\/64da04d182738b73a21cf3ba.jpeg\",\"width\":513,\"height\":288},{\"@type\":\"BreadcrumbList\",\"@id\":\"https:\/\/discoverdouro.pt\/en\/a-historic-day-for-the-douro-the-protocol-to-reactivate-the-douro-line-was-signed#breadcrumb\",\"itemListElement\":[{\"@type\":\"ListItem\",\"position\":1,\"name\":\"Home\",\"item\":\"https:\/\/discoverdouro.pt\/en\"},{\"@type\":\"ListItem\",\"position\":2,\"name\":\"A historic day for the Douro &#8211; The protocol to reactivate the Douro line was signed\"}]},{\"@type\":\"WebSite\",\"@id\":\"https:\/\/discoverdouro.pt\/en#website\",\"url\":\"https:\/\/discoverdouro.pt\/en\",\"name\":\"Discover Douro\",\"description\":\"O Para\u00edso de Portugal\",\"publisher\":{\"@id\":\"https:\/\/discoverdouro.pt\/en#organization\"},\"potentialAction\":[{\"@type\":\"SearchAction\",\"target\":{\"@type\":\"EntryPoint\",\"urlTemplate\":\"https:\/\/discoverdouro.pt\/en?s={search_term_string}\"},\"query-input\":{\"@type\":\"PropertyValueSpecification\",\"valueRequired\":true,\"valueName\":\"search_term_string\"}}],\"inLanguage\":\"en\"},{\"@type\":\"Organization\",\"@id\":\"https:\/\/discoverdouro.pt\/en#organization\",\"name\":\"Discover Douro\",\"url\":\"https:\/\/discoverdouro.pt\/en\",\"logo\":{\"@type\":\"ImageObject\",\"inLanguage\":\"en\",\"@id\":\"https:\/\/discoverdouro.pt\/en#\/schema\/logo\/image\/\",\"url\":\"https:\/\/www.discoverdouro.pt\/wp-content\/uploads\/2024\/01\/cropped-Icon_Discover.png\",\"contentUrl\":\"https:\/\/www.discoverdouro.pt\/wp-content\/uploads\/2024\/01\/cropped-Icon_Discover.png\",\"width\":512,\"height\":512,\"caption\":\"Discover Douro\"},\"image\":{\"@id\":\"https:\/\/discoverdouro.pt\/en#\/schema\/logo\/image\/\"},\"sameAs\":[\"https:\/\/www.facebook.com\/profile.php?id=61555234744391\",\"https:\/\/x.com\/DiscoverDouro\",\"https:\/\/www.instagram.com\/discover.douro\",\"https:\/\/www.tiktok.com\/@discoverdouro\",\"https:\/\/www.linkedin.com\/company\/discover-douro\/\"]},{\"@type\":\"Person\",\"@id\":\"https:\/\/discoverdouro.pt\/en#\/schema\/person\/65707aa95bad001fb9a6281d98cb9e2c\",\"name\":\"Rui Manuel\",\"image\":{\"@type\":\"ImageObject\",\"inLanguage\":\"en\",\"@id\":\"https:\/\/discoverdouro.pt\/en#\/schema\/person\/image\/\",\"url\":\"https:\/\/secure.gravatar.com\/avatar\/4c0caed589a90f3919101d4375eff5b01ae58644ad78dc81d6dfbce0253ade47?s=96&d=mm&r=g\",\"contentUrl\":\"https:\/\/secure.gravatar.com\/avatar\/4c0caed589a90f3919101d4375eff5b01ae58644ad78dc81d6dfbce0253ade47?s=96&d=mm&r=g\",\"caption\":\"Rui Manuel\"},\"sameAs\":[\"https:\/\/brand22creativeagency.com\/\"]}]}<\/script>\n<!-- \/ Yoast SEO plugin. -->","yoast_head_json":{"title":"A historic day for the Douro - The protocol to reactivate the Douro line was signed - Discover Douro","robots":{"index":"index","follow":"follow","max-snippet":"max-snippet:-1","max-image-preview":"max-image-preview:large","max-video-preview":"max-video-preview:-1"},"canonical":"https:\/\/discoverdouro.pt\/en\/a-historic-day-for-the-douro-the-protocol-to-reactivate-the-douro-line-was-signed","og_locale":"en_US","og_type":"article","og_title":"A historic day for the Douro - The protocol to reactivate the Douro line was signed - Discover Douro","og_description":"Last Friday, the cooperation protocol for the reactivation of the Douro Line between Pocinho and Barca d'Alva was signed at the Douro Museum in Peso da R\u00e9gua. This was the starting point for the 14-month study to find out what investments need to be made so that this section of the Douro line can be repaired. A 28-kilometer stretch that was closed in 1988.","og_url":"https:\/\/discoverdouro.pt\/en\/a-historic-day-for-the-douro-the-protocol-to-reactivate-the-douro-line-was-signed","og_site_name":"Discover Douro","article_publisher":"https:\/\/www.facebook.com\/profile.php?id=61555234744391","article_published_time":"2023-11-04T17:29:26+00:00","article_modified_time":"2023-11-11T18:40:47+00:00","og_image":[{"width":513,"height":288,"url":"https:\/\/discoverdouro.pt\/wp-content\/uploads\/2023\/11\/64da04d182738b73a21cf3ba.jpeg","type":"image\/jpeg"}],"author":"Rui Manuel","twitter_card":"summary_large_image","twitter_creator":"@DiscoverDouro","twitter_site":"@DiscoverDouro","twitter_misc":{"Written by":"Rui Manuel","Est. reading time":"1 minute"},"schema":{"@context":"https:\/\/schema.org","@graph":[{"@type":"Article","@id":"https:\/\/discoverdouro.pt\/en\/a-historic-day-for-the-douro-the-protocol-to-reactivate-the-douro-line-was-signed#article","isPartOf":{"@id":"https:\/\/discoverdouro.pt\/en\/a-historic-day-for-the-douro-the-protocol-to-reactivate-the-douro-line-was-signed"},"author":{"name":"Rui Manuel","@id":"https:\/\/discoverdouro.pt\/en#\/schema\/person\/65707aa95bad001fb9a6281d98cb9e2c"},"headline":"A historic day for the Douro &#8211; The protocol to reactivate the Douro line was signed","datePublished":"2023-11-04T17:29:26+00:00","dateModified":"2023-11-11T18:40:47+00:00","mainEntityOfPage":{"@id":"https:\/\/discoverdouro.pt\/en\/a-historic-day-for-the-douro-the-protocol-to-reactivate-the-douro-line-was-signed"},"wordCount":127,"commentCount":0,"publisher":{"@id":"https:\/\/discoverdouro.pt\/en#organization"},"image":{"@id":"https:\/\/discoverdouro.pt\/en\/a-historic-day-for-the-douro-the-protocol-to-reactivate-the-douro-line-was-signed#primaryimage"},"thumbnailUrl":"https:\/\/discoverdouro.pt\/wp-content\/uploads\/2023\/11\/64da04d182738b73a21cf3ba.jpeg","articleSection":["N\u00e3o categorizado"],"inLanguage":"en","potentialAction":[{"@type":"CommentAction","name":"Comment","target":["https:\/\/discoverdouro.pt\/en\/a-historic-day-for-the-douro-the-protocol-to-reactivate-the-douro-line-was-signed#respond"]}]},{"@type":"WebPage","@id":"https:\/\/discoverdouro.pt\/en\/a-historic-day-for-the-douro-the-protocol-to-reactivate-the-douro-line-was-signed","url":"https:\/\/discoverdouro.pt\/en\/a-historic-day-for-the-douro-the-protocol-to-reactivate-the-douro-line-was-signed","name":"A historic day for the Douro - The protocol to reactivate the Douro line was signed - Discover Douro","isPartOf":{"@id":"https:\/\/discoverdouro.pt\/en#website"},"primaryImageOfPage":{"@id":"https:\/\/discoverdouro.pt\/en\/a-historic-day-for-the-douro-the-protocol-to-reactivate-the-douro-line-was-signed#primaryimage"},"image":{"@id":"https:\/\/discoverdouro.pt\/en\/a-historic-day-for-the-douro-the-protocol-to-reactivate-the-douro-line-was-signed#primaryimage"},"thumbnailUrl":"https:\/\/discoverdouro.pt\/wp-content\/uploads\/2023\/11\/64da04d182738b73a21cf3ba.jpeg","datePublished":"2023-11-04T17:29:26+00:00","dateModified":"2023-11-11T18:40:47+00:00","breadcrumb":{"@id":"https:\/\/discoverdouro.pt\/en\/a-historic-day-for-the-douro-the-protocol-to-reactivate-the-douro-line-was-signed#breadcrumb"},"inLanguage":"en","potentialAction":[{"@type":"ReadAction","target":["https:\/\/discoverdouro.pt\/en\/a-historic-day-for-the-douro-the-protocol-to-reactivate-the-douro-line-was-signed"]}]},{"@type":"ImageObject","inLanguage":"en","@id":"https:\/\/discoverdouro.pt\/en\/a-historic-day-for-the-douro-the-protocol-to-reactivate-the-douro-line-was-signed#primaryimage","url":"https:\/\/discoverdouro.pt\/wp-content\/uploads\/2023\/11\/64da04d182738b73a21cf3ba.jpeg","contentUrl":"https:\/\/discoverdouro.pt\/wp-content\/uploads\/2023\/11\/64da04d182738b73a21cf3ba.jpeg","width":513,"height":288},{"@type":"BreadcrumbList","@id":"https:\/\/discoverdouro.pt\/en\/a-historic-day-for-the-douro-the-protocol-to-reactivate-the-douro-line-was-signed#breadcrumb","itemListElement":[{"@type":"ListItem","position":1,"name":"Home","item":"https:\/\/discoverdouro.pt\/en"},{"@type":"ListItem","position":2,"name":"A historic day for the Douro &#8211; The protocol to reactivate the Douro line was signed"}]},{"@type":"WebSite","@id":"https:\/\/discoverdouro.pt\/en#website","url":"https:\/\/discoverdouro.pt\/en","name":"Discover Douro","description":"O Para\u00edso de Portugal","publisher":{"@id":"https:\/\/discoverdouro.pt\/en#organization"},"potentialAction":[{"@type":"SearchAction","target":{"@type":"EntryPoint","urlTemplate":"https:\/\/discoverdouro.pt\/en?s={search_term_string}"},"query-input":{"@type":"PropertyValueSpecification","valueRequired":true,"valueName":"search_term_string"}}],"inLanguage":"en"},{"@type":"Organization","@id":"https:\/\/discoverdouro.pt\/en#organization","name":"Discover Douro","url":"https:\/\/discoverdouro.pt\/en","logo":{"@type":"ImageObject","inLanguage":"en","@id":"https:\/\/discoverdouro.pt\/en#\/schema\/logo\/image\/","url":"https:\/\/www.discoverdouro.pt\/wp-content\/uploads\/2024\/01\/cropped-Icon_Discover.png","contentUrl":"https:\/\/www.discoverdouro.pt\/wp-content\/uploads\/2024\/01\/cropped-Icon_Discover.png","width":512,"height":512,"caption":"Discover Douro"},"image":{"@id":"https:\/\/discoverdouro.pt\/en#\/schema\/logo\/image\/"},"sameAs":["https:\/\/www.facebook.com\/profile.php?id=61555234744391","https:\/\/x.com\/DiscoverDouro","https:\/\/www.instagram.com\/discover.douro","https:\/\/www.tiktok.com\/@discoverdouro","https:\/\/www.linkedin.com\/company\/discover-douro\/"]},{"@type":"Person","@id":"https:\/\/discoverdouro.pt\/en#\/schema\/person\/65707aa95bad001fb9a6281d98cb9e2c","name":"Rui Manuel","image":{"@type":"ImageObject","inLanguage":"en","@id":"https:\/\/discoverdouro.pt\/en#\/schema\/person\/image\/","url":"https:\/\/secure.gravatar.com\/avatar\/4c0caed589a90f3919101d4375eff5b01ae58644ad78dc81d6dfbce0253ade47?s=96&d=mm&r=g","contentUrl":"https:\/\/secure.gravatar.com\/avatar\/4c0caed589a90f3919101d4375eff5b01ae58644ad78dc81d6dfbce0253ade47?s=96&d=mm&r=g","caption":"Rui Manuel"},"sameAs":["https:\/\/brand22creativeagency.com\/"]}]}},"_links":{"self":[{"href":"https:\/\/discoverdouro.pt\/en\/wp-json\/wp\/v2\/posts\/38817","targetHints":{"allow":["GET"]}}],"collection":[{"href":"https:\/\/discoverdouro.pt\/en\/wp-json\/wp\/v2\/posts"}],"about":[{"href":"https:\/\/discoverdouro.pt\/en\/wp-json\/wp\/v2\/types\/post"}],"author":[{"embeddable":true,"href":"https:\/\/discoverdouro.pt\/en\/wp-json\/wp\/v2\/users\/34"}],"replies":[{"embeddable":true,"href":"https:\/\/discoverdouro.pt\/en\/wp-json\/wp\/v2\/comments?post=38817"}],"version-history":[{"count":0,"href":"https:\/\/discoverdouro.pt\/en\/wp-json\/wp\/v2\/posts\/38817\/revisions"}],"wp:featuredmedia":[{"embeddable":true,"href":"https:\/\/discoverdouro.pt\/en\/wp-json\/wp\/v2\/media\/33743"}],"wp:attachment":[{"href":"https:\/\/discoverdouro.pt\/en\/wp-json\/wp\/v2\/media?parent=38817"}],"wp:term":[{"taxonomy":"category","embeddable":true,"href":"https:\/\/discoverdouro.pt\/en\/wp-json\/wp\/v2\/categories?post=38817"},{"taxonomy":"post_tag","embeddable":true,"href":"https:\/\/discoverdouro.pt\/en\/wp-json\/wp\/v2\/tags?post=38817"}],"curies":[{"name":"wp","href":"https:\/\/api.w.org\/{rel}","templated":true}]}}