{"id":38818,"date":"2023-11-04T17:29:26","date_gmt":"2023-11-04T17:29:26","guid":{"rendered":"https:\/\/discoverdouro.pt\/noticias\/un-dia-historico-para-el-duero-firmado-el-protocolo-para-reactivar-la-linea-del-duero"},"modified":"2023-12-28T14:28:29","modified_gmt":"2023-12-28T14:28:29","slug":"un-dia-historico-para-el-duero-firmado-el-protocolo-para-reactivar-la-linea-del-duero","status":"publish","type":"post","link":"https:\/\/discoverdouro.pt\/es\/un-dia-historico-para-el-duero-firmado-el-protocolo-para-reactivar-la-linea-del-duero","title":{"rendered":"Un d\u00eda hist\u00f3rico para el Duero &#8211; Firmado el protocolo para reactivar la l\u00ednea del Duero"},"content":{"rendered":"<p>A la ceremonia asistieron la Ministra de Cohesi\u00f3n Territorial, Ana Abrunhosa y el Secretario de Estado de Infraestructuras, Jorge Delgado, la Secretaria de Estado de Valorizaci\u00f3n del Interior, Isabel Ferreira, los alcaldes de CIMDOURO y otras personalidades del Norte y de la regi\u00f3n.<\/p>\n<p><\/p>\n<p>El grupo de trabajo est\u00e1 coordinado por la Comisi\u00f3n de Coordinaci\u00f3n y Desarrollo Regional del Norte (CCDR-N), representada en la ceremonia por su Presidente, Prof. Ant\u00f3nio Cunha,&nbsp;. Tambi\u00e9n cuenta con la participaci\u00f3n de dos alcaldes, en representaci\u00f3n de la Comunidad Intermunicipal del Duero, Jos\u00e9 Manuel Gon\u00e7alves, Alcalde de Peso da R\u00e9gua y Eng. Gustavo Duarte, Alcalde de Vila Nova de F\u00f4z- Coa,&nbsp;e Infraestruturas de Portugal.<\/p>\n","protected":false},"excerpt":{"rendered":"<p>El pasado viernes, en el Museo del Duero, en Peso da R\u00e9gua, se firm\u00f3 el protocolo de cooperaci\u00f3n para la reactivaci\u00f3n de la L\u00ednea del Duero entre Pocinho y Barca d&#8217;Alva. Este fue el punto de partida del estudio, de 14 meses de duraci\u00f3n, para determinar las inversiones necesarias para reparar este tramo de la l\u00ednea del Duero. Un tramo de 28 kil\u00f3metros que se cerr\u00f3 en 1988.<\/p>\n","protected":false},"author":34,"featured_media":33745,"comment_status":"open","ping_status":"open","sticky":false,"template":"","format":"standard","meta":{"footnotes":""},"categories":[135],"tags":[],"class_list":["post-38818","post","type-post","status-publish","format-standard","has-post-thumbnail","hentry","category-sin-categorizar"],"acf":[],"yoast_head":"<!-- This site is optimized with the Yoast SEO plugin v26.2 - https:\/\/yoast.com\/wordpress\/plugins\/seo\/ -->\n<title>Un d\u00eda hist\u00f3rico para el Duero - Firmado el protocolo para reactivar la l\u00ednea del Duero - Discover Douro<\/title>\n<meta name=\"robots\" content=\"index, follow, max-snippet:-1, max-image-preview:large, max-video-preview:-1\" \/>\n<link rel=\"canonical\" href=\"https:\/\/discoverdouro.pt\/es\/un-dia-historico-para-el-duero-firmado-el-protocolo-para-reactivar-la-linea-del-duero\" \/>\n<meta property=\"og:locale\" content=\"es_ES\" \/>\n<meta property=\"og:type\" content=\"article\" \/>\n<meta property=\"og:title\" content=\"Un d\u00eda hist\u00f3rico para el Duero - Firmado el protocolo para reactivar la l\u00ednea del Duero - Discover Douro\" \/>\n<meta property=\"og:description\" content=\"El pasado viernes, en el Museo del Duero, en Peso da R\u00e9gua, se firm\u00f3 el protocolo de cooperaci\u00f3n para la reactivaci\u00f3n de la L\u00ednea del Duero entre Pocinho y Barca d&#039;Alva. Este fue el punto de partida del estudio, de 14 meses de duraci\u00f3n, para determinar las inversiones necesarias para reparar este tramo de la l\u00ednea del Duero. Un tramo de 28 kil\u00f3metros que se cerr\u00f3 en 1988.\" \/>\n<meta property=\"og:url\" content=\"https:\/\/discoverdouro.pt\/es\/un-dia-historico-para-el-duero-firmado-el-protocolo-para-reactivar-la-linea-del-duero\" \/>\n<meta property=\"og:site_name\" content=\"Discover Douro\" \/>\n<meta property=\"article:publisher\" content=\"https:\/\/www.facebook.com\/profile.php?id=61555234744391\" \/>\n<meta property=\"article:published_time\" content=\"2023-11-04T17:29:26+00:00\" \/>\n<meta property=\"article:modified_time\" content=\"2023-12-28T14:28:29+00:00\" \/>\n<meta property=\"og:image\" content=\"https:\/\/discoverdouro.pt\/wp-content\/uploads\/2023\/11\/64da04d182738b73a21cf3ba.jpeg\" \/>\n\t<meta property=\"og:image:width\" content=\"513\" \/>\n\t<meta property=\"og:image:height\" content=\"288\" \/>\n\t<meta property=\"og:image:type\" content=\"image\/jpeg\" \/>\n<meta name=\"author\" content=\"Rui Manuel\" \/>\n<meta name=\"twitter:card\" content=\"summary_large_image\" \/>\n<meta name=\"twitter:creator\" content=\"@DiscoverDouro\" \/>\n<meta name=\"twitter:site\" content=\"@DiscoverDouro\" \/>\n<meta name=\"twitter:label1\" content=\"Written by\" \/>\n\t<meta name=\"twitter:data1\" content=\"Rui Manuel\" \/>\n\t<meta name=\"twitter:label2\" content=\"Est. reading time\" \/>\n\t<meta name=\"twitter:data2\" content=\"1 minute\" \/>\n<script type=\"application\/ld+json\" class=\"yoast-schema-graph\">{\"@context\":\"https:\/\/schema.org\",\"@graph\":[{\"@type\":\"Article\",\"@id\":\"https:\/\/discoverdouro.pt\/es\/un-dia-historico-para-el-duero-firmado-el-protocolo-para-reactivar-la-linea-del-duero#article\",\"isPartOf\":{\"@id\":\"https:\/\/discoverdouro.pt\/es\/un-dia-historico-para-el-duero-firmado-el-protocolo-para-reactivar-la-linea-del-duero\"},\"author\":{\"name\":\"Rui Manuel\",\"@id\":\"https:\/\/discoverdouro.pt\/es#\/schema\/person\/65707aa95bad001fb9a6281d98cb9e2c\"},\"headline\":\"Un d\u00eda hist\u00f3rico para el Duero &#8211; Firmado el protocolo para reactivar la l\u00ednea del Duero\",\"datePublished\":\"2023-11-04T17:29:26+00:00\",\"dateModified\":\"2023-12-28T14:28:29+00:00\",\"mainEntityOfPage\":{\"@id\":\"https:\/\/discoverdouro.pt\/es\/un-dia-historico-para-el-duero-firmado-el-protocolo-para-reactivar-la-linea-del-duero\"},\"wordCount\":142,\"commentCount\":0,\"publisher\":{\"@id\":\"https:\/\/discoverdouro.pt\/es#organization\"},\"image\":{\"@id\":\"https:\/\/discoverdouro.pt\/es\/un-dia-historico-para-el-duero-firmado-el-protocolo-para-reactivar-la-linea-del-duero#primaryimage\"},\"thumbnailUrl\":\"https:\/\/discoverdouro.pt\/wp-content\/uploads\/2023\/11\/64da04d182738b73a21cf3ba.jpeg\",\"articleSection\":[\"Sin categorizar\"],\"inLanguage\":\"es\",\"potentialAction\":[{\"@type\":\"CommentAction\",\"name\":\"Comment\",\"target\":[\"https:\/\/discoverdouro.pt\/es\/un-dia-historico-para-el-duero-firmado-el-protocolo-para-reactivar-la-linea-del-duero#respond\"]}]},{\"@type\":\"WebPage\",\"@id\":\"https:\/\/discoverdouro.pt\/es\/un-dia-historico-para-el-duero-firmado-el-protocolo-para-reactivar-la-linea-del-duero\",\"url\":\"https:\/\/discoverdouro.pt\/es\/un-dia-historico-para-el-duero-firmado-el-protocolo-para-reactivar-la-linea-del-duero\",\"name\":\"Un d\u00eda hist\u00f3rico para el Duero - Firmado el protocolo para reactivar la l\u00ednea del Duero - Discover Douro\",\"isPartOf\":{\"@id\":\"https:\/\/discoverdouro.pt\/es#website\"},\"primaryImageOfPage\":{\"@id\":\"https:\/\/discoverdouro.pt\/es\/un-dia-historico-para-el-duero-firmado-el-protocolo-para-reactivar-la-linea-del-duero#primaryimage\"},\"image\":{\"@id\":\"https:\/\/discoverdouro.pt\/es\/un-dia-historico-para-el-duero-firmado-el-protocolo-para-reactivar-la-linea-del-duero#primaryimage\"},\"thumbnailUrl\":\"https:\/\/discoverdouro.pt\/wp-content\/uploads\/2023\/11\/64da04d182738b73a21cf3ba.jpeg\",\"datePublished\":\"2023-11-04T17:29:26+00:00\",\"dateModified\":\"2023-12-28T14:28:29+00:00\",\"breadcrumb\":{\"@id\":\"https:\/\/discoverdouro.pt\/es\/un-dia-historico-para-el-duero-firmado-el-protocolo-para-reactivar-la-linea-del-duero#breadcrumb\"},\"inLanguage\":\"es\",\"potentialAction\":[{\"@type\":\"ReadAction\",\"target\":[\"https:\/\/discoverdouro.pt\/es\/un-dia-historico-para-el-duero-firmado-el-protocolo-para-reactivar-la-linea-del-duero\"]}]},{\"@type\":\"ImageObject\",\"inLanguage\":\"es\",\"@id\":\"https:\/\/discoverdouro.pt\/es\/un-dia-historico-para-el-duero-firmado-el-protocolo-para-reactivar-la-linea-del-duero#primaryimage\",\"url\":\"https:\/\/discoverdouro.pt\/wp-content\/uploads\/2023\/11\/64da04d182738b73a21cf3ba.jpeg\",\"contentUrl\":\"https:\/\/discoverdouro.pt\/wp-content\/uploads\/2023\/11\/64da04d182738b73a21cf3ba.jpeg\",\"width\":513,\"height\":288},{\"@type\":\"BreadcrumbList\",\"@id\":\"https:\/\/discoverdouro.pt\/es\/un-dia-historico-para-el-duero-firmado-el-protocolo-para-reactivar-la-linea-del-duero#breadcrumb\",\"itemListElement\":[{\"@type\":\"ListItem\",\"position\":1,\"name\":\"Home\",\"item\":\"https:\/\/discoverdouro.pt\/es\"},{\"@type\":\"ListItem\",\"position\":2,\"name\":\"Un d\u00eda hist\u00f3rico para el Duero &#8211; Firmado el protocolo para reactivar la l\u00ednea del Duero\"}]},{\"@type\":\"WebSite\",\"@id\":\"https:\/\/discoverdouro.pt\/es#website\",\"url\":\"https:\/\/discoverdouro.pt\/es\",\"name\":\"Discover Douro\",\"description\":\"O Para\u00edso de Portugal\",\"publisher\":{\"@id\":\"https:\/\/discoverdouro.pt\/es#organization\"},\"potentialAction\":[{\"@type\":\"SearchAction\",\"target\":{\"@type\":\"EntryPoint\",\"urlTemplate\":\"https:\/\/discoverdouro.pt\/es?s={search_term_string}\"},\"query-input\":{\"@type\":\"PropertyValueSpecification\",\"valueRequired\":true,\"valueName\":\"search_term_string\"}}],\"inLanguage\":\"es\"},{\"@type\":\"Organization\",\"@id\":\"https:\/\/discoverdouro.pt\/es#organization\",\"name\":\"Discover Douro\",\"url\":\"https:\/\/discoverdouro.pt\/es\",\"logo\":{\"@type\":\"ImageObject\",\"inLanguage\":\"es\",\"@id\":\"https:\/\/discoverdouro.pt\/es#\/schema\/logo\/image\/\",\"url\":\"https:\/\/www.discoverdouro.pt\/wp-content\/uploads\/2024\/01\/cropped-Icon_Discover.png\",\"contentUrl\":\"https:\/\/www.discoverdouro.pt\/wp-content\/uploads\/2024\/01\/cropped-Icon_Discover.png\",\"width\":512,\"height\":512,\"caption\":\"Discover Douro\"},\"image\":{\"@id\":\"https:\/\/discoverdouro.pt\/es#\/schema\/logo\/image\/\"},\"sameAs\":[\"https:\/\/www.facebook.com\/profile.php?id=61555234744391\",\"https:\/\/x.com\/DiscoverDouro\",\"https:\/\/www.instagram.com\/discover.douro\",\"https:\/\/www.tiktok.com\/@discoverdouro\",\"https:\/\/www.linkedin.com\/company\/discover-douro\/\"]},{\"@type\":\"Person\",\"@id\":\"https:\/\/discoverdouro.pt\/es#\/schema\/person\/65707aa95bad001fb9a6281d98cb9e2c\",\"name\":\"Rui Manuel\",\"image\":{\"@type\":\"ImageObject\",\"inLanguage\":\"es\",\"@id\":\"https:\/\/discoverdouro.pt\/es#\/schema\/person\/image\/\",\"url\":\"https:\/\/secure.gravatar.com\/avatar\/4c0caed589a90f3919101d4375eff5b01ae58644ad78dc81d6dfbce0253ade47?s=96&d=mm&r=g\",\"contentUrl\":\"https:\/\/secure.gravatar.com\/avatar\/4c0caed589a90f3919101d4375eff5b01ae58644ad78dc81d6dfbce0253ade47?s=96&d=mm&r=g\",\"caption\":\"Rui Manuel\"},\"sameAs\":[\"https:\/\/brand22creativeagency.com\/\"]}]}<\/script>\n<!-- \/ Yoast SEO plugin. -->","yoast_head_json":{"title":"Un d\u00eda hist\u00f3rico para el Duero - Firmado el protocolo para reactivar la l\u00ednea del Duero - Discover Douro","robots":{"index":"index","follow":"follow","max-snippet":"max-snippet:-1","max-image-preview":"max-image-preview:large","max-video-preview":"max-video-preview:-1"},"canonical":"https:\/\/discoverdouro.pt\/es\/un-dia-historico-para-el-duero-firmado-el-protocolo-para-reactivar-la-linea-del-duero","og_locale":"es_ES","og_type":"article","og_title":"Un d\u00eda hist\u00f3rico para el Duero - Firmado el protocolo para reactivar la l\u00ednea del Duero - Discover Douro","og_description":"El pasado viernes, en el Museo del Duero, en Peso da R\u00e9gua, se firm\u00f3 el protocolo de cooperaci\u00f3n para la reactivaci\u00f3n de la L\u00ednea del Duero entre Pocinho y Barca d'Alva. Este fue el punto de partida del estudio, de 14 meses de duraci\u00f3n, para determinar las inversiones necesarias para reparar este tramo de la l\u00ednea del Duero. Un tramo de 28 kil\u00f3metros que se cerr\u00f3 en 1988.","og_url":"https:\/\/discoverdouro.pt\/es\/un-dia-historico-para-el-duero-firmado-el-protocolo-para-reactivar-la-linea-del-duero","og_site_name":"Discover Douro","article_publisher":"https:\/\/www.facebook.com\/profile.php?id=61555234744391","article_published_time":"2023-11-04T17:29:26+00:00","article_modified_time":"2023-12-28T14:28:29+00:00","og_image":[{"width":513,"height":288,"url":"https:\/\/discoverdouro.pt\/wp-content\/uploads\/2023\/11\/64da04d182738b73a21cf3ba.jpeg","type":"image\/jpeg"}],"author":"Rui Manuel","twitter_card":"summary_large_image","twitter_creator":"@DiscoverDouro","twitter_site":"@DiscoverDouro","twitter_misc":{"Written by":"Rui Manuel","Est. reading time":"1 minute"},"schema":{"@context":"https:\/\/schema.org","@graph":[{"@type":"Article","@id":"https:\/\/discoverdouro.pt\/es\/un-dia-historico-para-el-duero-firmado-el-protocolo-para-reactivar-la-linea-del-duero#article","isPartOf":{"@id":"https:\/\/discoverdouro.pt\/es\/un-dia-historico-para-el-duero-firmado-el-protocolo-para-reactivar-la-linea-del-duero"},"author":{"name":"Rui Manuel","@id":"https:\/\/discoverdouro.pt\/es#\/schema\/person\/65707aa95bad001fb9a6281d98cb9e2c"},"headline":"Un d\u00eda hist\u00f3rico para el Duero &#8211; Firmado el protocolo para reactivar la l\u00ednea del Duero","datePublished":"2023-11-04T17:29:26+00:00","dateModified":"2023-12-28T14:28:29+00:00","mainEntityOfPage":{"@id":"https:\/\/discoverdouro.pt\/es\/un-dia-historico-para-el-duero-firmado-el-protocolo-para-reactivar-la-linea-del-duero"},"wordCount":142,"commentCount":0,"publisher":{"@id":"https:\/\/discoverdouro.pt\/es#organization"},"image":{"@id":"https:\/\/discoverdouro.pt\/es\/un-dia-historico-para-el-duero-firmado-el-protocolo-para-reactivar-la-linea-del-duero#primaryimage"},"thumbnailUrl":"https:\/\/discoverdouro.pt\/wp-content\/uploads\/2023\/11\/64da04d182738b73a21cf3ba.jpeg","articleSection":["Sin categorizar"],"inLanguage":"es","potentialAction":[{"@type":"CommentAction","name":"Comment","target":["https:\/\/discoverdouro.pt\/es\/un-dia-historico-para-el-duero-firmado-el-protocolo-para-reactivar-la-linea-del-duero#respond"]}]},{"@type":"WebPage","@id":"https:\/\/discoverdouro.pt\/es\/un-dia-historico-para-el-duero-firmado-el-protocolo-para-reactivar-la-linea-del-duero","url":"https:\/\/discoverdouro.pt\/es\/un-dia-historico-para-el-duero-firmado-el-protocolo-para-reactivar-la-linea-del-duero","name":"Un d\u00eda hist\u00f3rico para el Duero - Firmado el protocolo para reactivar la l\u00ednea del Duero - Discover Douro","isPartOf":{"@id":"https:\/\/discoverdouro.pt\/es#website"},"primaryImageOfPage":{"@id":"https:\/\/discoverdouro.pt\/es\/un-dia-historico-para-el-duero-firmado-el-protocolo-para-reactivar-la-linea-del-duero#primaryimage"},"image":{"@id":"https:\/\/discoverdouro.pt\/es\/un-dia-historico-para-el-duero-firmado-el-protocolo-para-reactivar-la-linea-del-duero#primaryimage"},"thumbnailUrl":"https:\/\/discoverdouro.pt\/wp-content\/uploads\/2023\/11\/64da04d182738b73a21cf3ba.jpeg","datePublished":"2023-11-04T17:29:26+00:00","dateModified":"2023-12-28T14:28:29+00:00","breadcrumb":{"@id":"https:\/\/discoverdouro.pt\/es\/un-dia-historico-para-el-duero-firmado-el-protocolo-para-reactivar-la-linea-del-duero#breadcrumb"},"inLanguage":"es","potentialAction":[{"@type":"ReadAction","target":["https:\/\/discoverdouro.pt\/es\/un-dia-historico-para-el-duero-firmado-el-protocolo-para-reactivar-la-linea-del-duero"]}]},{"@type":"ImageObject","inLanguage":"es","@id":"https:\/\/discoverdouro.pt\/es\/un-dia-historico-para-el-duero-firmado-el-protocolo-para-reactivar-la-linea-del-duero#primaryimage","url":"https:\/\/discoverdouro.pt\/wp-content\/uploads\/2023\/11\/64da04d182738b73a21cf3ba.jpeg","contentUrl":"https:\/\/discoverdouro.pt\/wp-content\/uploads\/2023\/11\/64da04d182738b73a21cf3ba.jpeg","width":513,"height":288},{"@type":"BreadcrumbList","@id":"https:\/\/discoverdouro.pt\/es\/un-dia-historico-para-el-duero-firmado-el-protocolo-para-reactivar-la-linea-del-duero#breadcrumb","itemListElement":[{"@type":"ListItem","position":1,"name":"Home","item":"https:\/\/discoverdouro.pt\/es"},{"@type":"ListItem","position":2,"name":"Un d\u00eda hist\u00f3rico para el Duero &#8211; Firmado el protocolo para reactivar la l\u00ednea del Duero"}]},{"@type":"WebSite","@id":"https:\/\/discoverdouro.pt\/es#website","url":"https:\/\/discoverdouro.pt\/es","name":"Discover Douro","description":"O Para\u00edso de Portugal","publisher":{"@id":"https:\/\/discoverdouro.pt\/es#organization"},"potentialAction":[{"@type":"SearchAction","target":{"@type":"EntryPoint","urlTemplate":"https:\/\/discoverdouro.pt\/es?s={search_term_string}"},"query-input":{"@type":"PropertyValueSpecification","valueRequired":true,"valueName":"search_term_string"}}],"inLanguage":"es"},{"@type":"Organization","@id":"https:\/\/discoverdouro.pt\/es#organization","name":"Discover Douro","url":"https:\/\/discoverdouro.pt\/es","logo":{"@type":"ImageObject","inLanguage":"es","@id":"https:\/\/discoverdouro.pt\/es#\/schema\/logo\/image\/","url":"https:\/\/www.discoverdouro.pt\/wp-content\/uploads\/2024\/01\/cropped-Icon_Discover.png","contentUrl":"https:\/\/www.discoverdouro.pt\/wp-content\/uploads\/2024\/01\/cropped-Icon_Discover.png","width":512,"height":512,"caption":"Discover Douro"},"image":{"@id":"https:\/\/discoverdouro.pt\/es#\/schema\/logo\/image\/"},"sameAs":["https:\/\/www.facebook.com\/profile.php?id=61555234744391","https:\/\/x.com\/DiscoverDouro","https:\/\/www.instagram.com\/discover.douro","https:\/\/www.tiktok.com\/@discoverdouro","https:\/\/www.linkedin.com\/company\/discover-douro\/"]},{"@type":"Person","@id":"https:\/\/discoverdouro.pt\/es#\/schema\/person\/65707aa95bad001fb9a6281d98cb9e2c","name":"Rui Manuel","image":{"@type":"ImageObject","inLanguage":"es","@id":"https:\/\/discoverdouro.pt\/es#\/schema\/person\/image\/","url":"https:\/\/secure.gravatar.com\/avatar\/4c0caed589a90f3919101d4375eff5b01ae58644ad78dc81d6dfbce0253ade47?s=96&d=mm&r=g","contentUrl":"https:\/\/secure.gravatar.com\/avatar\/4c0caed589a90f3919101d4375eff5b01ae58644ad78dc81d6dfbce0253ade47?s=96&d=mm&r=g","caption":"Rui Manuel"},"sameAs":["https:\/\/brand22creativeagency.com\/"]}]}},"_links":{"self":[{"href":"https:\/\/discoverdouro.pt\/es\/wp-json\/wp\/v2\/posts\/38818","targetHints":{"allow":["GET"]}}],"collection":[{"href":"https:\/\/discoverdouro.pt\/es\/wp-json\/wp\/v2\/posts"}],"about":[{"href":"https:\/\/discoverdouro.pt\/es\/wp-json\/wp\/v2\/types\/post"}],"author":[{"embeddable":true,"href":"https:\/\/discoverdouro.pt\/es\/wp-json\/wp\/v2\/users\/34"}],"replies":[{"embeddable":true,"href":"https:\/\/discoverdouro.pt\/es\/wp-json\/wp\/v2\/comments?post=38818"}],"version-history":[{"count":1,"href":"https:\/\/discoverdouro.pt\/es\/wp-json\/wp\/v2\/posts\/38818\/revisions"}],"predecessor-version":[{"id":43396,"href":"https:\/\/discoverdouro.pt\/es\/wp-json\/wp\/v2\/posts\/38818\/revisions\/43396"}],"wp:featuredmedia":[{"embeddable":true,"href":"https:\/\/discoverdouro.pt\/es\/wp-json\/wp\/v2\/media\/33745"}],"wp:attachment":[{"href":"https:\/\/discoverdouro.pt\/es\/wp-json\/wp\/v2\/media?parent=38818"}],"wp:term":[{"taxonomy":"category","embeddable":true,"href":"https:\/\/discoverdouro.pt\/es\/wp-json\/wp\/v2\/categories?post=38818"},{"taxonomy":"post_tag","embeddable":true,"href":"https:\/\/discoverdouro.pt\/es\/wp-json\/wp\/v2\/tags?post=38818"}],"curies":[{"name":"wp","href":"https:\/\/api.w.org\/{rel}","templated":true}]}}