{"id":80208,"date":"2024-07-01T23:00:00","date_gmt":"2024-07-01T23:00:00","guid":{"rendered":"https:\/\/www.discoverdouro.pt\/o-que-ver-em-carrazeda-de-ansiaes-es"},"modified":"2024-07-01T23:00:00","modified_gmt":"2024-07-01T23:00:00","slug":"o-que-ver-em-carrazeda-de-ansiaes-es","status":"publish","type":"post","link":"https:\/\/discoverdouro.pt\/es\/o-que-ver-em-carrazeda-de-ansiaes-es","title":{"rendered":"Qu\u00e9 visitar en Carrazeda de Ansi\u00e3es"},"content":{"rendered":"<p>Miradores:<\/p>\n<p><\/p>\n<p>&nbsp;&nbsp;&nbsp;&nbsp;El Municipio de Carrazeda de Ansi\u00e3es le invita a descubrir sus miradores.<\/p>\n<p><\/p>\n<p>&nbsp;&nbsp;&nbsp;&nbsp;&nbsp;&nbsp;&nbsp;&nbsp;Mirador de Brunheda:<\/p>\n<p><\/p>\n<p>&nbsp;&nbsp;&nbsp;&nbsp;Una invitaci\u00f3n hacia el cielo, en plena naturaleza. Aqu\u00ed podr\u00e1 contemplar la<\/p>\n<p>belleza del valle del Tua, en el extremo occidental de Carrazeda de Ansi\u00e3es. Entre suelos<\/p>\n<p>de granito y mesetas de esquisto, la divisi\u00f3n la hacen las orillas del r\u00edo Tua. Cree<\/p>\n<p>recuerdos con paisajes \u00fanicos de fondo.<\/p>\n<p><\/p>\n<p>&nbsp;&nbsp;&nbsp;&nbsp;&nbsp;&nbsp;&nbsp;&nbsp;Mirador de Fraga da Ola:<\/p>\n<p><\/p>\n<p>&nbsp;&nbsp;&nbsp;&nbsp;Imag\u00ednese rodeado de todo lo natural, con monta\u00f1as y terrazas y el cielo como<\/p>\n<p>l\u00edmite. La combinaci\u00f3n de paletas de colores es atemporal e inolvidable. Podr\u00e1 ver y o\u00edr<\/p>\n<p>la famosa cascada \u201cFraga da Ola\u201d.<\/p>\n<p><\/p>\n<p>&nbsp;&nbsp;&nbsp;&nbsp;&nbsp;&nbsp;&nbsp;&nbsp;Mirador da Senhora da Gra\u00e7a:<\/p>\n<p><\/p>\n<p>&nbsp;&nbsp;&nbsp;&nbsp;Nada es comparable a las vistas desde el mirador de la Senhora da Gra\u00e7a.<\/p>\n<p>Enclavado en una colina de granito, quien sube a la cima queda maravillado por la<\/p>\n<p>inmensidad que capta la mirada. Entre la meseta Carrazedense y parte del valle del r\u00edo<\/p>\n<p>Tua, querr\u00e1 apreciar lo que la naturaleza le ofrece.<\/p>\n<p><\/p>\n<p>&nbsp;&nbsp;&nbsp;&nbsp;&nbsp;&nbsp;&nbsp;&nbsp;Mirador da Senhora da Sa\u00fade:<\/p>\n<p><\/p>\n<p>&nbsp;&nbsp;&nbsp;&nbsp;Una elevaci\u00f3n construida por el hombre, para que pueda tener una vista digna<\/p>\n<p>de las m\u00e1s bellas obras maestras. Se trata de un equilibrio entre el paisaje y el mirador.<\/p>\n<p>Descubra el Valle de Cabreira y el Santuario de Nuestra Se\u00f1ora de Gracia<\/p>\n<p><\/p>\n<p>&nbsp;&nbsp;&nbsp;&nbsp;&nbsp;&nbsp;&nbsp;&nbsp;Mirador de S\u00e3o Louren\u00e7o:<\/p>\n<p>&nbsp;&nbsp;&nbsp;&nbsp;La foto es digna de una postal. Cuando visitas el mirador, visitas naturaleza en<\/p>\n<p>estado puro. La estampa es de S\u00e3o Louren\u00e7o, pero el encanto perdurar\u00e1 para siempre,<\/p>\n<p>capturado por la mirada y\/o el lente de su c\u00e1mara.<\/p>\n<p><\/p>\n<p>&nbsp;&nbsp;&nbsp;&nbsp;&nbsp;&nbsp;&nbsp;&nbsp;Mirador del Duero:<\/p>\n<p><\/p>\n<p>&nbsp;&nbsp;&nbsp;&nbsp;Quien crea haber visto un paisaje similar se equivoca. Rodeado de verdor,<\/p>\n<p>naturaleza, belleza y armon\u00eda, tambi\u00e9n se pueden ver granjas, vi\u00f1edos, la ladera y el r\u00edo<\/p>\n<p>Duero en el centro.<\/p>\n<p><\/p>\n<p>&nbsp;&nbsp;&nbsp;&nbsp;&nbsp;&nbsp;&nbsp;&nbsp;&nbsp;Mirador do Senhor da Boa Morte:<\/p>\n<p><\/p>\n<p>&nbsp;&nbsp;&nbsp;&nbsp;El alcance se pierde en los diversos recortes monta\u00f1osos y los innumerables<\/p>\n<p>vi\u00f1edos. El mirador se encuentra en el santuario que le dio nombre, que data del siglo<\/p>\n<p>XVIII. Su mirada puede contemplar una vista panor\u00e1mica de este lienzo del Duero.<\/p>\n<p><\/p>\n<p><\/p>\n<p>&nbsp;&nbsp;&nbsp;&nbsp;&nbsp;&nbsp;&nbsp;&nbsp;&nbsp;Mirador de Olhos do Tua:<\/p>\n<p><\/p>\n<p>&nbsp;&nbsp;&nbsp;&nbsp;Prep\u00e1rese para asombrarse con lo que ver\u00e1 en el mirador dos Olhos do Tua. El<\/p>\n<p>agua cristalina y las curvas del terreno son impresionantes. Suba los escalones y<\/p>\n<p>\u00a1disfrute!<\/p>\n<p><\/p>\n<p><\/p>\n<p><\/p>\n<p>&nbsp;&nbsp;Museos<\/p>\n<p><\/p>\n<p>&nbsp;&nbsp;&nbsp;&nbsp;En Carrazeda de Ansi\u00e3es tendr\u00e1s mucho que visitar. Hay varios museos que te<\/p>\n<p>muestran la historia local. Compartimos contigo la ruta de los museos a visitar en este<\/p>\n<p>Munic\u00edpio:<\/p>\n<p><\/p>\n<p><\/p>\n<p>&nbsp;&nbsp;&nbsp;&nbsp;&nbsp;&nbsp;&nbsp;\u2022&nbsp;&nbsp;Complejo Molinol\u00f3gico de Ribeiro do Coito;<\/p>\n<p>&nbsp;&nbsp;&nbsp;&nbsp;&nbsp;&nbsp;&nbsp;\u2022&nbsp;&nbsp;Molino de Vento de Carrazeda de Ansi\u00e3es;<\/p>\n<p>&nbsp;&nbsp;&nbsp;&nbsp;&nbsp;&nbsp;&nbsp;\u2022&nbsp;&nbsp;Museo de la Memoria Rural \u2013 Vilarinho da Castanheira;<\/p>\n<p>&nbsp;&nbsp;&nbsp;&nbsp;&nbsp;&nbsp;&nbsp;\u2022&nbsp;&nbsp;Centro Museo de Telha;<\/p>\n<p>&nbsp;&nbsp;&nbsp;&nbsp;&nbsp;&nbsp;&nbsp;\u2022&nbsp;&nbsp;Centro Museo del Aceite de Oliva.<\/p>\n<p>&nbsp;&nbsp;Gastronom\u00eda<\/p>\n<p>&nbsp;&nbsp;&nbsp;&nbsp;Este concejo es para los que les gusta disfrutar de buenos aperitivos y manjares<\/p>\n<p>dignos de una visita.<\/p>\n<p>&nbsp;&nbsp;&nbsp;&nbsp;Los ahumados locales son los reyes en la regi\u00f3n del Duero, destacando el jam\u00f3n,<\/p>\n<p>el chorizo y el salpic\u00e3o. La caza es una pr\u00e1ctica actual y podr\u00e1 saborear conejo, jabal\u00ed o<\/p>\n<p>perdiz. En las zonas ribere\u00f1as, el famoso pescado de r\u00edo puede fre\u00edrse o servirse en<\/p>\n<p>escabeche.<\/p>\n<p>&nbsp;&nbsp;&nbsp;&nbsp;Entre los platos regionales destacan el cabrito al horno con patatas fritas, el<\/p>\n<p>pulpo hervido con patatas y col, el bacalao y la feijoada a la transmontana. El municipio<\/p>\n<p>tambi\u00e9n cre\u00f3 la Feria de la Cabra en 2021, con el objetivo de promocionar la regi\u00f3n en<\/p>\n<p>un periodo post-pand\u00e9mico.<\/p>\n<p>&nbsp;&nbsp;&nbsp;&nbsp;Si es aficionado a los dulces, no puede perderse el famoso arroz con leche, los<\/p>\n<p>folares de Pascua, las diversas variedades de tartas de manzana y la mermelada de<\/p>\n<p>calabaza.<\/p>\n<p>&nbsp;&nbsp;&nbsp;&nbsp;\u00bfSe le hace la boca agua?<\/p>\n<p><\/p>\n<p><\/p>\n<p>&nbsp;&nbsp;Patrimonio<\/p>\n<p>&nbsp;&nbsp;&nbsp;&nbsp;\u00bfEs usted un amante de las visitas para descubrir el patrimonio local?<\/p>\n<p>&nbsp;&nbsp;&nbsp;&nbsp;Aqu\u00ed tiene algunas sugerencias de itinerarios que no debe perderse: Dolmen de<\/p>\n<p>Vilarinho da Castanheira; Dolmen de Zedes; Cach\u00e3o da Rapa; Castillo de Ansi\u00e3es; Iglesias<\/p>\n<p>de S\u00e3o Salvador de Ansi\u00e3es; Iglesia de S\u00e3o Jo\u00e3o Baptista y la Fortaleza de Carrazeda de<\/p>\n<p>Ansi\u00e3es.<\/p>\n<p><\/p>\n<p><\/p>\n<p><\/p>\n<p><\/p>\n<p>&nbsp;&nbsp;&nbsp;&nbsp;Visite Carrazeda de Ansi\u00e3es, visite el Duero, una regi\u00f3n que tiene mucho que<\/p>\n<p>ofrecer e historias que contar.<\/p>\n","protected":false},"excerpt":{"rendered":"<p>Miradores: &nbsp;&nbsp;&nbsp;&nbsp;El Municipio de Carrazeda de Ansi\u00e3es le invita a descubrir sus miradores. &nbsp;&nbsp;&nbsp;&nbsp;&nbsp;&nbsp;&nbsp;&nbsp;Mirador de Brunheda: &nbsp;&nbsp;&nbsp;&nbsp;Una invitaci\u00f3n hacia el cielo, en plena naturaleza. Aqu\u00ed podr\u00e1 contemplar la belleza del valle del Tua, en el extremo occidental de Carrazeda de Ansi\u00e3es. Entre suelos de granito y mesetas de esquisto, la divisi\u00f3n la hacen las orillas [&hellip;]<\/p>\n","protected":false},"author":41,"featured_media":80203,"comment_status":"open","ping_status":"open","sticky":false,"template":"","format":"standard","meta":{"footnotes":""},"categories":[1],"tags":[],"class_list":["post-80208","post","type-post","status-publish","format-standard","has-post-thumbnail","hentry","category-pois"],"acf":[],"yoast_head":"<!-- This site is optimized with the Yoast SEO plugin v26.2 - https:\/\/yoast.com\/wordpress\/plugins\/seo\/ -->\n<title>Qu\u00e9 visitar en Carrazeda de Ansi\u00e3es - Discover Douro<\/title>\n<meta name=\"robots\" content=\"index, follow, max-snippet:-1, max-image-preview:large, max-video-preview:-1\" \/>\n<link rel=\"canonical\" href=\"https:\/\/discoverdouro.pt\/es\/o-que-ver-em-carrazeda-de-ansiaes-es\" \/>\n<meta property=\"og:locale\" content=\"es_ES\" \/>\n<meta property=\"og:type\" content=\"article\" \/>\n<meta property=\"og:title\" content=\"Qu\u00e9 visitar en Carrazeda de Ansi\u00e3es - Discover Douro\" \/>\n<meta property=\"og:description\" content=\"Miradores: &nbsp;&nbsp;&nbsp;&nbsp;El Municipio de Carrazeda de Ansi\u00e3es le invita a descubrir sus miradores. &nbsp;&nbsp;&nbsp;&nbsp;&nbsp;&nbsp;&nbsp;&nbsp;Mirador de Brunheda: &nbsp;&nbsp;&nbsp;&nbsp;Una invitaci\u00f3n hacia el cielo, en plena naturaleza. Aqu\u00ed podr\u00e1 contemplar la belleza del valle del Tua, en el extremo occidental de Carrazeda de Ansi\u00e3es. Entre suelos de granito y mesetas de esquisto, la divisi\u00f3n la hacen las orillas [&hellip;]\" \/>\n<meta property=\"og:url\" content=\"https:\/\/discoverdouro.pt\/es\/o-que-ver-em-carrazeda-de-ansiaes-es\" \/>\n<meta property=\"og:site_name\" content=\"Discover Douro\" \/>\n<meta property=\"article:publisher\" content=\"https:\/\/www.facebook.com\/profile.php?id=61555234744391\" \/>\n<meta property=\"article:published_time\" content=\"2024-07-01T23:00:00+00:00\" \/>\n<meta property=\"og:image\" content=\"https:\/\/discoverdouro.pt\/wp-content\/uploads\/2025\/01\/6683c0e9a802cb0657f3f8ff\" \/>\n\t<meta property=\"og:image:width\" content=\"1535\" \/>\n\t<meta property=\"og:image:height\" content=\"863\" \/>\n\t<meta property=\"og:image:type\" content=\"image\/png\" \/>\n<meta name=\"author\" content=\"joao.pedro@digiup.me\" \/>\n<meta name=\"twitter:card\" content=\"summary_large_image\" \/>\n<meta name=\"twitter:creator\" content=\"@DiscoverDouro\" \/>\n<meta name=\"twitter:site\" content=\"@DiscoverDouro\" \/>\n<meta name=\"twitter:label1\" content=\"Written by\" \/>\n\t<meta name=\"twitter:data1\" content=\"joao.pedro@digiup.me\" \/>\n\t<meta name=\"twitter:label2\" content=\"Est. reading time\" \/>\n\t<meta name=\"twitter:data2\" content=\"4 minutes\" \/>\n<script type=\"application\/ld+json\" class=\"yoast-schema-graph\">{\"@context\":\"https:\/\/schema.org\",\"@graph\":[{\"@type\":\"Article\",\"@id\":\"https:\/\/discoverdouro.pt\/es\/o-que-ver-em-carrazeda-de-ansiaes-es#article\",\"isPartOf\":{\"@id\":\"https:\/\/discoverdouro.pt\/es\/o-que-ver-em-carrazeda-de-ansiaes-es\"},\"author\":{\"name\":\"joao.pedro@digiup.me\",\"@id\":\"https:\/\/discoverdouro.pt\/es#\/schema\/person\/3f2d159ab7b7ff3b58e4a78a036c171e\"},\"headline\":\"Qu\u00e9 visitar en Carrazeda de Ansi\u00e3es\",\"datePublished\":\"2024-07-01T23:00:00+00:00\",\"mainEntityOfPage\":{\"@id\":\"https:\/\/discoverdouro.pt\/es\/o-que-ver-em-carrazeda-de-ansiaes-es\"},\"wordCount\":904,\"commentCount\":0,\"publisher\":{\"@id\":\"https:\/\/discoverdouro.pt\/es#organization\"},\"image\":{\"@id\":\"https:\/\/discoverdouro.pt\/es\/o-que-ver-em-carrazeda-de-ansiaes-es#primaryimage\"},\"thumbnailUrl\":\"https:\/\/discoverdouro.pt\/wp-content\/uploads\/2025\/01\/6683c0e9a802cb0657f3f8ff\",\"articleSection\":[\"pois\"],\"inLanguage\":\"es\",\"potentialAction\":[{\"@type\":\"CommentAction\",\"name\":\"Comment\",\"target\":[\"https:\/\/discoverdouro.pt\/es\/o-que-ver-em-carrazeda-de-ansiaes-es#respond\"]}]},{\"@type\":\"WebPage\",\"@id\":\"https:\/\/discoverdouro.pt\/es\/o-que-ver-em-carrazeda-de-ansiaes-es\",\"url\":\"https:\/\/discoverdouro.pt\/es\/o-que-ver-em-carrazeda-de-ansiaes-es\",\"name\":\"Qu\u00e9 visitar en Carrazeda de Ansi\u00e3es - Discover Douro\",\"isPartOf\":{\"@id\":\"https:\/\/discoverdouro.pt\/es#website\"},\"primaryImageOfPage\":{\"@id\":\"https:\/\/discoverdouro.pt\/es\/o-que-ver-em-carrazeda-de-ansiaes-es#primaryimage\"},\"image\":{\"@id\":\"https:\/\/discoverdouro.pt\/es\/o-que-ver-em-carrazeda-de-ansiaes-es#primaryimage\"},\"thumbnailUrl\":\"https:\/\/discoverdouro.pt\/wp-content\/uploads\/2025\/01\/6683c0e9a802cb0657f3f8ff\",\"datePublished\":\"2024-07-01T23:00:00+00:00\",\"breadcrumb\":{\"@id\":\"https:\/\/discoverdouro.pt\/es\/o-que-ver-em-carrazeda-de-ansiaes-es#breadcrumb\"},\"inLanguage\":\"es\",\"potentialAction\":[{\"@type\":\"ReadAction\",\"target\":[\"https:\/\/discoverdouro.pt\/es\/o-que-ver-em-carrazeda-de-ansiaes-es\"]}]},{\"@type\":\"ImageObject\",\"inLanguage\":\"es\",\"@id\":\"https:\/\/discoverdouro.pt\/es\/o-que-ver-em-carrazeda-de-ansiaes-es#primaryimage\",\"url\":\"https:\/\/discoverdouro.pt\/wp-content\/uploads\/2025\/01\/6683c0e9a802cb0657f3f8ff\",\"contentUrl\":\"https:\/\/discoverdouro.pt\/wp-content\/uploads\/2025\/01\/6683c0e9a802cb0657f3f8ff\",\"width\":1535,\"height\":863},{\"@type\":\"BreadcrumbList\",\"@id\":\"https:\/\/discoverdouro.pt\/es\/o-que-ver-em-carrazeda-de-ansiaes-es#breadcrumb\",\"itemListElement\":[{\"@type\":\"ListItem\",\"position\":1,\"name\":\"Home\",\"item\":\"https:\/\/discoverdouro.pt\/es\"},{\"@type\":\"ListItem\",\"position\":2,\"name\":\"Qu\u00e9 visitar en Carrazeda de Ansi\u00e3es\"}]},{\"@type\":\"WebSite\",\"@id\":\"https:\/\/discoverdouro.pt\/es#website\",\"url\":\"https:\/\/discoverdouro.pt\/es\",\"name\":\"Discover Douro\",\"description\":\"O Para\u00edso de Portugal\",\"publisher\":{\"@id\":\"https:\/\/discoverdouro.pt\/es#organization\"},\"potentialAction\":[{\"@type\":\"SearchAction\",\"target\":{\"@type\":\"EntryPoint\",\"urlTemplate\":\"https:\/\/discoverdouro.pt\/es?s={search_term_string}\"},\"query-input\":{\"@type\":\"PropertyValueSpecification\",\"valueRequired\":true,\"valueName\":\"search_term_string\"}}],\"inLanguage\":\"es\"},{\"@type\":\"Organization\",\"@id\":\"https:\/\/discoverdouro.pt\/es#organization\",\"name\":\"Discover Douro\",\"url\":\"https:\/\/discoverdouro.pt\/es\",\"logo\":{\"@type\":\"ImageObject\",\"inLanguage\":\"es\",\"@id\":\"https:\/\/discoverdouro.pt\/es#\/schema\/logo\/image\/\",\"url\":\"https:\/\/www.discoverdouro.pt\/wp-content\/uploads\/2024\/01\/cropped-Icon_Discover.png\",\"contentUrl\":\"https:\/\/www.discoverdouro.pt\/wp-content\/uploads\/2024\/01\/cropped-Icon_Discover.png\",\"width\":512,\"height\":512,\"caption\":\"Discover Douro\"},\"image\":{\"@id\":\"https:\/\/discoverdouro.pt\/es#\/schema\/logo\/image\/\"},\"sameAs\":[\"https:\/\/www.facebook.com\/profile.php?id=61555234744391\",\"https:\/\/x.com\/DiscoverDouro\",\"https:\/\/www.instagram.com\/discover.douro\",\"https:\/\/www.tiktok.com\/@discoverdouro\",\"https:\/\/www.linkedin.com\/company\/discover-douro\/\"]},{\"@type\":\"Person\",\"@id\":\"https:\/\/discoverdouro.pt\/es#\/schema\/person\/3f2d159ab7b7ff3b58e4a78a036c171e\",\"name\":\"joao.pedro@digiup.me\",\"image\":{\"@type\":\"ImageObject\",\"inLanguage\":\"es\",\"@id\":\"https:\/\/discoverdouro.pt\/es#\/schema\/person\/image\/\",\"url\":\"https:\/\/secure.gravatar.com\/avatar\/e82803344cd9072cbc54d090473b9e9c391d1d16cd4f46a2f044dd6043073947?s=96&d=mm&r=g\",\"contentUrl\":\"https:\/\/secure.gravatar.com\/avatar\/e82803344cd9072cbc54d090473b9e9c391d1d16cd4f46a2f044dd6043073947?s=96&d=mm&r=g\",\"caption\":\"joao.pedro@digiup.me\"}}]}<\/script>\n<!-- \/ Yoast SEO plugin. -->","yoast_head_json":{"title":"Qu\u00e9 visitar en Carrazeda de Ansi\u00e3es - Discover Douro","robots":{"index":"index","follow":"follow","max-snippet":"max-snippet:-1","max-image-preview":"max-image-preview:large","max-video-preview":"max-video-preview:-1"},"canonical":"https:\/\/discoverdouro.pt\/es\/o-que-ver-em-carrazeda-de-ansiaes-es","og_locale":"es_ES","og_type":"article","og_title":"Qu\u00e9 visitar en Carrazeda de Ansi\u00e3es - Discover Douro","og_description":"Miradores: &nbsp;&nbsp;&nbsp;&nbsp;El Municipio de Carrazeda de Ansi\u00e3es le invita a descubrir sus miradores. &nbsp;&nbsp;&nbsp;&nbsp;&nbsp;&nbsp;&nbsp;&nbsp;Mirador de Brunheda: &nbsp;&nbsp;&nbsp;&nbsp;Una invitaci\u00f3n hacia el cielo, en plena naturaleza. Aqu\u00ed podr\u00e1 contemplar la belleza del valle del Tua, en el extremo occidental de Carrazeda de Ansi\u00e3es. Entre suelos de granito y mesetas de esquisto, la divisi\u00f3n la hacen las orillas [&hellip;]","og_url":"https:\/\/discoverdouro.pt\/es\/o-que-ver-em-carrazeda-de-ansiaes-es","og_site_name":"Discover Douro","article_publisher":"https:\/\/www.facebook.com\/profile.php?id=61555234744391","article_published_time":"2024-07-01T23:00:00+00:00","og_image":[{"width":1535,"height":863,"url":"https:\/\/discoverdouro.pt\/wp-content\/uploads\/2025\/01\/6683c0e9a802cb0657f3f8ff","type":"image\/png"}],"author":"joao.pedro@digiup.me","twitter_card":"summary_large_image","twitter_creator":"@DiscoverDouro","twitter_site":"@DiscoverDouro","twitter_misc":{"Written by":"joao.pedro@digiup.me","Est. reading time":"4 minutes"},"schema":{"@context":"https:\/\/schema.org","@graph":[{"@type":"Article","@id":"https:\/\/discoverdouro.pt\/es\/o-que-ver-em-carrazeda-de-ansiaes-es#article","isPartOf":{"@id":"https:\/\/discoverdouro.pt\/es\/o-que-ver-em-carrazeda-de-ansiaes-es"},"author":{"name":"joao.pedro@digiup.me","@id":"https:\/\/discoverdouro.pt\/es#\/schema\/person\/3f2d159ab7b7ff3b58e4a78a036c171e"},"headline":"Qu\u00e9 visitar en Carrazeda de Ansi\u00e3es","datePublished":"2024-07-01T23:00:00+00:00","mainEntityOfPage":{"@id":"https:\/\/discoverdouro.pt\/es\/o-que-ver-em-carrazeda-de-ansiaes-es"},"wordCount":904,"commentCount":0,"publisher":{"@id":"https:\/\/discoverdouro.pt\/es#organization"},"image":{"@id":"https:\/\/discoverdouro.pt\/es\/o-que-ver-em-carrazeda-de-ansiaes-es#primaryimage"},"thumbnailUrl":"https:\/\/discoverdouro.pt\/wp-content\/uploads\/2025\/01\/6683c0e9a802cb0657f3f8ff","articleSection":["pois"],"inLanguage":"es","potentialAction":[{"@type":"CommentAction","name":"Comment","target":["https:\/\/discoverdouro.pt\/es\/o-que-ver-em-carrazeda-de-ansiaes-es#respond"]}]},{"@type":"WebPage","@id":"https:\/\/discoverdouro.pt\/es\/o-que-ver-em-carrazeda-de-ansiaes-es","url":"https:\/\/discoverdouro.pt\/es\/o-que-ver-em-carrazeda-de-ansiaes-es","name":"Qu\u00e9 visitar en Carrazeda de Ansi\u00e3es - Discover Douro","isPartOf":{"@id":"https:\/\/discoverdouro.pt\/es#website"},"primaryImageOfPage":{"@id":"https:\/\/discoverdouro.pt\/es\/o-que-ver-em-carrazeda-de-ansiaes-es#primaryimage"},"image":{"@id":"https:\/\/discoverdouro.pt\/es\/o-que-ver-em-carrazeda-de-ansiaes-es#primaryimage"},"thumbnailUrl":"https:\/\/discoverdouro.pt\/wp-content\/uploads\/2025\/01\/6683c0e9a802cb0657f3f8ff","datePublished":"2024-07-01T23:00:00+00:00","breadcrumb":{"@id":"https:\/\/discoverdouro.pt\/es\/o-que-ver-em-carrazeda-de-ansiaes-es#breadcrumb"},"inLanguage":"es","potentialAction":[{"@type":"ReadAction","target":["https:\/\/discoverdouro.pt\/es\/o-que-ver-em-carrazeda-de-ansiaes-es"]}]},{"@type":"ImageObject","inLanguage":"es","@id":"https:\/\/discoverdouro.pt\/es\/o-que-ver-em-carrazeda-de-ansiaes-es#primaryimage","url":"https:\/\/discoverdouro.pt\/wp-content\/uploads\/2025\/01\/6683c0e9a802cb0657f3f8ff","contentUrl":"https:\/\/discoverdouro.pt\/wp-content\/uploads\/2025\/01\/6683c0e9a802cb0657f3f8ff","width":1535,"height":863},{"@type":"BreadcrumbList","@id":"https:\/\/discoverdouro.pt\/es\/o-que-ver-em-carrazeda-de-ansiaes-es#breadcrumb","itemListElement":[{"@type":"ListItem","position":1,"name":"Home","item":"https:\/\/discoverdouro.pt\/es"},{"@type":"ListItem","position":2,"name":"Qu\u00e9 visitar en Carrazeda de Ansi\u00e3es"}]},{"@type":"WebSite","@id":"https:\/\/discoverdouro.pt\/es#website","url":"https:\/\/discoverdouro.pt\/es","name":"Discover Douro","description":"O Para\u00edso de Portugal","publisher":{"@id":"https:\/\/discoverdouro.pt\/es#organization"},"potentialAction":[{"@type":"SearchAction","target":{"@type":"EntryPoint","urlTemplate":"https:\/\/discoverdouro.pt\/es?s={search_term_string}"},"query-input":{"@type":"PropertyValueSpecification","valueRequired":true,"valueName":"search_term_string"}}],"inLanguage":"es"},{"@type":"Organization","@id":"https:\/\/discoverdouro.pt\/es#organization","name":"Discover Douro","url":"https:\/\/discoverdouro.pt\/es","logo":{"@type":"ImageObject","inLanguage":"es","@id":"https:\/\/discoverdouro.pt\/es#\/schema\/logo\/image\/","url":"https:\/\/www.discoverdouro.pt\/wp-content\/uploads\/2024\/01\/cropped-Icon_Discover.png","contentUrl":"https:\/\/www.discoverdouro.pt\/wp-content\/uploads\/2024\/01\/cropped-Icon_Discover.png","width":512,"height":512,"caption":"Discover Douro"},"image":{"@id":"https:\/\/discoverdouro.pt\/es#\/schema\/logo\/image\/"},"sameAs":["https:\/\/www.facebook.com\/profile.php?id=61555234744391","https:\/\/x.com\/DiscoverDouro","https:\/\/www.instagram.com\/discover.douro","https:\/\/www.tiktok.com\/@discoverdouro","https:\/\/www.linkedin.com\/company\/discover-douro\/"]},{"@type":"Person","@id":"https:\/\/discoverdouro.pt\/es#\/schema\/person\/3f2d159ab7b7ff3b58e4a78a036c171e","name":"joao.pedro@digiup.me","image":{"@type":"ImageObject","inLanguage":"es","@id":"https:\/\/discoverdouro.pt\/es#\/schema\/person\/image\/","url":"https:\/\/secure.gravatar.com\/avatar\/e82803344cd9072cbc54d090473b9e9c391d1d16cd4f46a2f044dd6043073947?s=96&d=mm&r=g","contentUrl":"https:\/\/secure.gravatar.com\/avatar\/e82803344cd9072cbc54d090473b9e9c391d1d16cd4f46a2f044dd6043073947?s=96&d=mm&r=g","caption":"joao.pedro@digiup.me"}}]}},"_links":{"self":[{"href":"https:\/\/discoverdouro.pt\/es\/wp-json\/wp\/v2\/posts\/80208","targetHints":{"allow":["GET"]}}],"collection":[{"href":"https:\/\/discoverdouro.pt\/es\/wp-json\/wp\/v2\/posts"}],"about":[{"href":"https:\/\/discoverdouro.pt\/es\/wp-json\/wp\/v2\/types\/post"}],"author":[{"embeddable":true,"href":"https:\/\/discoverdouro.pt\/es\/wp-json\/wp\/v2\/users\/41"}],"replies":[{"embeddable":true,"href":"https:\/\/discoverdouro.pt\/es\/wp-json\/wp\/v2\/comments?post=80208"}],"version-history":[{"count":0,"href":"https:\/\/discoverdouro.pt\/es\/wp-json\/wp\/v2\/posts\/80208\/revisions"}],"wp:featuredmedia":[{"embeddable":true,"href":"https:\/\/discoverdouro.pt\/es\/wp-json\/wp\/v2\/media\/80203"}],"wp:attachment":[{"href":"https:\/\/discoverdouro.pt\/es\/wp-json\/wp\/v2\/media?parent=80208"}],"wp:term":[{"taxonomy":"category","embeddable":true,"href":"https:\/\/discoverdouro.pt\/es\/wp-json\/wp\/v2\/categories?post=80208"},{"taxonomy":"post_tag","embeddable":true,"href":"https:\/\/discoverdouro.pt\/es\/wp-json\/wp\/v2\/tags?post=80208"}],"curies":[{"name":"wp","href":"https:\/\/api.w.org\/{rel}","templated":true}]}}