{"id":80232,"date":"2024-05-26T23:00:00","date_gmt":"2024-05-26T22:00:00","guid":{"rendered":"https:\/\/www.discoverdouro.pt\/o-que-ver-em-alijo-es"},"modified":"2024-05-26T23:00:00","modified_gmt":"2024-05-26T23:00:00","slug":"o-que-ver-em-alijo-es","status":"publish","type":"post","link":"https:\/\/discoverdouro.pt\/es\/o-que-ver-em-alijo-es","title":{"rendered":"Qu\u00e9 ver en Alij\u00f3"},"content":{"rendered":"<p>Comenzamos este viaje en Alij\u00f3, un municipio por descubrir que en su d\u00eda fue apodado el embajador portugu\u00e9s de la producci\u00f3n vin\u00edcola.<\/p>\n<p>En este art\u00edculo compartimos con los m\u00e1s curiosos lo que se puede visitar y hacer en este Municipio.<\/p>\n<p><\/p>\n<p>Miradores:<\/p>\n<p>Esta villa invita a visitar sus diversos Miradores.<\/p>\n<p><\/p>\n<p>-Mirador de Ujo:<\/p>\n<p>Es el punto de referencia para contemplar el Valle del Tua. Como una invitaci\u00f3n al cielo, su arquitectura est\u00e1 dise\u00f1ada para envolverle en la naturaleza. De d\u00eda o de noche, el encanto permanece.<\/p>\n<p><\/p>\n<p>-Mirador de Santa Marinha:<\/p>\n<p>Cuando visite este mirador, podr\u00e1 respirar hondo y maravillarse ante tanta belleza. Entre los tonos verdes, las terrazas de vi\u00f1edos y el valle del r\u00edo Duero, no dejar\u00e1 indiferente a nadie. Tambi\u00e9n podr\u00e1 ver el pueblo de Tua.<\/p>\n<p><\/p>\n<p>-Mirador de Casal del Loivos:<\/p>\n<p>\u00a1Prep\u00e1rese para un cuadro exquisito! Lo mejor de los dos mundos, aqu\u00ed podr\u00e1 contemplar el valle del Duero y Pinh\u00e3o. Imag\u00ednese en lo alto de este mirador y sinti\u00e9ndose uno con la naturaleza.<\/p>\n<p><\/p>\n<p>-Mirador de Nuestra Se\u00f1ora de la Piedad:<\/p>\n<p>Situado en Sanfins do Douro, localidad caracterizada por sus grandes creencias religiosas, el Miradouro da N\u00aa Sr\u00aa da Piedade se encuentra en el santuario que le dio nombre. La escalera de piedra tallada permite vislumbrar la ciudad, as\u00ed como la regi\u00f3n vin\u00edcola, de caracter\u00edsticas inigualables.<\/p>\n<p><\/p>\n<p>-Mirador de Senhora da Cunha:<\/p>\n<p>Renovado para que pueda acoger a los visitantes, el Miradouro da Sr\u00aa da Cunha se asienta en lo alto de una colina. Para ayudarle a ver m\u00e1s all\u00e1, puede encontrar prism\u00e1ticos para observar la dimensi\u00f3n natural de Tr\u00e1s-os-Montes.<\/p>\n<p><\/p>\n<p>-Mirador de Santa Eug\u00e9nia:<\/p>\n<p>Quedar\u00e1 hipnotizado ante tanta belleza. Como un cuadro realista, el paisaje es casi infinito. Aqu\u00ed podr\u00e1 experimentar los bordes dentados, las ondulaciones y los sonidos caracter\u00edsticos de la libertad.<\/p>\n<p><\/p>\n<p>-Mirador de Nossa Senhora dos Aflitos:<\/p>\n<p>Camuflado en plena naturaleza, este mirador refleja paz y armon\u00eda. Cuenta la leyenda que se origin\u00f3 como lugar de devoci\u00f3n cuando, en un viaje, unos cazadores se toparon con una aparici\u00f3n de la Virgen, por lo que encontramos una peque\u00f1a ermita en el centro.<\/p>\n<p><\/p>\n<p>-Mirador de Santa B\u00e1rbara:<\/p>\n<p>Llegamos a los vi\u00f1edos donde se producen las uvas que dan lugar al famoso y querido Favaios Moscatel. \u00bfY lo mejor? Se puede contemplar un vasto paisaje multicolor, con vistas sobre los municipios de Favaios, Sanfins do Douro y parte de Alij\u00f3.<\/p>\n<p><\/p>\n<p>-Mirador de Senhor Jesus da Capelinha:<\/p>\n<p>Encontrar\u00e1 este mirador en Vila de Ma\u00e7ada. Es f\u00e1cil divisar los vi\u00f1edos, las monta\u00f1as, los campos y las aldeas.<\/p>\n<p><\/p>\n<p>Gastronom\u00eda<\/p>\n<p>En este municipio seguro que se olvida de su dieta. Y con raz\u00f3n. La gastronom\u00eda local refleja la historia regional. Con una excelente producci\u00f3n de vino, posible gracias al microclima del Duero, en contraste con los cereales, el aceite de oliva, las patatas, las almendras y las casta\u00f1as.&nbsp;En esta regi\u00f3n monta\u00f1osa de clima m\u00e1s fr\u00edo se producen razas de renombre, como la ternera Maronesa, el cerdo Bisaro y la cabra Serrana. Los embutidos son una de las se\u00f1as de identidad locales, y los chouri\u00e7os, salpic\u00f5es y alheiras son una atracci\u00f3n para los visitantes de Alij\u00f3.&nbsp;<\/p>\n<p>Todos los a\u00f1os, el municipio participa en los \u00abFines de Semana Gastron\u00f3micos\u00bb. Como su nombre indica, el objetivo es promover la gastronom\u00eda y los vinos locales. Si elige visitarnos entre el viernes y el domingo, puede ser un fin de semana repleto de excelentes opciones de degustaci\u00f3n.<\/p>\n<p>\u00bfConoce ya los platos t\u00edpicos? Hemos hecho una selecci\u00f3n de platos tradicionales, postres y mucho m\u00e1s.<\/p>\n<p><\/p>\n<p>o\tPlatos Tradicionales:<\/p>\n<p>o\tEmbutidos (chorizo de sangue, lingui\u00e7a y alheiras);<\/p>\n<p>o\tCarnes ahumadas;<\/p>\n<p>o\tBacalao asado con patatas asadas;<\/p>\n<p>o\tMa\u00edz con carne en cepas de ajo;<\/p>\n<p>o\tCabrito asado;<\/p>\n<p>o\tPastel de carne;<\/p>\n<p>o\tHabas estofadas;<\/p>\n<p>o\tEstofado portugu\u00e9s;<\/p>\n<p>o\tFeijoada \u00e0 Transmontana.<\/p>\n<p>o\tVinos:<\/p>\n<p>o\tMoscatel;<\/p>\n<p>o\tVino de OPorto;<\/p>\n<p>o\tVinos Tintos, Blancos e Rosados;<\/p>\n<p>o\tVinos Espumosos.<\/p>\n<p>o\tPostres:<\/p>\n<p>o\tChips de calabaza o de chila;<\/p>\n<p>o\tDulce de Teixeira;<\/p>\n<p>o\tAlmendras cubiertas;<\/p>\n<p>o\tNaranja de Fraga;<\/p>\n<p>o\tPastel de mulato;<\/p>\n<p>o\tSarrabulho dulce;<\/p>\n<p>o\tCavacas de Santa Eug\u00e9nia;<\/p>\n<p>o\tBizcocho de Agua;<\/p>\n<p>o\tPastel de Borrach\u00e3o.<\/p>\n<p>o\tPan:<\/p>\n<p>o\tPan de centeno de Santa Eug\u00e9nia;<\/p>\n<p>o\tTrigo de Favaios;<\/p>\n<p>o\tPan de centeno de Vila Ch\u00e3.<\/p>\n<p><\/p>\n<p>Bodegas y Vinos<\/p>\n<p>La regi\u00f3n del Duero es mundialmente conocida por su producci\u00f3n vin\u00edcola y las bodegas que se extienden por todo el territorio.<\/p>\n<p>Alij\u00f3 es un municipio donde podr\u00e1 elegir entre Quintas, bodegas y tiendas de vinos. \u00bfHa pensado ya c\u00f3mo planificar su visita? Mientras pasea por las Quintas y Bodegas, imag\u00ednese en el coraz\u00f3n de la producci\u00f3n vin\u00edcola.<\/p>\n<p>Adem\u00e1s de vistas hist\u00f3ricas y t\u00edpicas del Duero, Alij\u00f3 cuenta con la capital del moscatel, Favaios. Para conocer mejor su historia, le recomendamos que reserve una visita al Centro Museo Favaios &#8211; Pan y Vino. Aqu\u00ed podr\u00e1 aprender m\u00e1s sobre el proceso de producci\u00f3n asociado a estos dos productos end\u00f3genos de elecci\u00f3n.&nbsp;<\/p>\n<p><\/p>\n<p>Patrimonio Arqueol\u00f3gico<\/p>\n<p>Adem\u00e1s de todo lo mencionado anteriormente, \u00bfsab\u00eda que es posible realizar visitas guiadas por un arque\u00f3logo? Las visitas deben realizarse en un grupo de al menos cinco personas. Puede reservar su visita <a href=\"https:\/\/turismo.cm-alijo.pt\/explorar\/patrimonio-arqueologico\/visitas-guiadas\" rel=\"noopener noreferrer\" target=\"_blank\">aqu\u00ed.<\/a><\/p>\n<p>Hay muchas rutas arqueol\u00f3gicas: El conjunto arquitect\u00f3nico del Santuario del Senhor de Perafita; la Necr\u00f3polis Megal\u00edtica del Alto das Madorras; la Calzada Romana de Vila Verde; el Gastro de P\u00f3pulo\/S\u00e3o Marcus\/Touca Rota; los Grabados Rupestres de Botelhinha; la Tumba Rupestre de Sobredos; la Tumba Rupestre de Santa Ana; Tumba Rupestre de Vila Ch\u00e3; Dolmen de Fonte Coberta; Puente y V\u00eda Romana de Rio de Moinhos; Puente Romano de S\u00e3o Mamede de Ribatua; Castro de Favaios; Centro Arqueol\u00f3gico de Castelo de Carl\u00e3o; Burneira Mamoa; Castro de Alto da Murada; Castro de Castorigo; Puente de Magusteiro.<\/p>\n<p><\/p>\n<p>Visitas N\u00e1uticas y de Ocio<\/p>\n<p>Como era de esperar, no pod\u00edamos dejar de mencionar las diversas actividades en las que podr\u00e1 descansar del r\u00edo Duero. Siempre con las mejores vistas, puede optar por viajar en barco o en tren.&nbsp;<\/p>\n<p>Para los m\u00e1s aventureros, le presentamos la Estaci\u00f3n N\u00e1utica de Alij\u00f3, que ofrece una amplia gama de actividades tur\u00edsticas de gran calidad.<\/p>\n<p><\/p>\n<p><\/p>\n<p>Visite Alij\u00f3, visite el Duero, una regi\u00f3n que tiene mucho que ofrecer e historias que contar.<\/p>\n","protected":false},"excerpt":{"rendered":"<p>Comenzamos este viaje en Alij\u00f3, un municipio por descubrir que en su d\u00eda fue apodado el embajador portugu\u00e9s de la producci\u00f3n vin\u00edcola. En este art\u00edculo compartimos con los m\u00e1s curiosos lo que se puede visitar y hacer en este Municipio. Miradores: Esta villa invita a visitar sus diversos Miradores. -Mirador de Ujo: Es el punto [&hellip;]<\/p>\n","protected":false},"author":41,"featured_media":80227,"comment_status":"open","ping_status":"open","sticky":false,"template":"","format":"standard","meta":{"footnotes":""},"categories":[1],"tags":[],"class_list":["post-80232","post","type-post","status-publish","format-standard","has-post-thumbnail","hentry","category-pois"],"acf":[],"yoast_head":"<!-- This site is optimized with the Yoast SEO plugin v26.2 - https:\/\/yoast.com\/wordpress\/plugins\/seo\/ -->\n<title>Qu\u00e9 ver en Alij\u00f3 - Discover Douro<\/title>\n<meta name=\"robots\" content=\"index, follow, max-snippet:-1, max-image-preview:large, max-video-preview:-1\" \/>\n<link rel=\"canonical\" href=\"https:\/\/discoverdouro.pt\/es\/o-que-ver-em-alijo-es\" \/>\n<meta property=\"og:locale\" content=\"es_ES\" \/>\n<meta property=\"og:type\" content=\"article\" \/>\n<meta property=\"og:title\" content=\"Qu\u00e9 ver en Alij\u00f3 - Discover Douro\" \/>\n<meta property=\"og:description\" content=\"Comenzamos este viaje en Alij\u00f3, un municipio por descubrir que en su d\u00eda fue apodado el embajador portugu\u00e9s de la producci\u00f3n vin\u00edcola. En este art\u00edculo compartimos con los m\u00e1s curiosos lo que se puede visitar y hacer en este Municipio. Miradores: Esta villa invita a visitar sus diversos Miradores. -Mirador de Ujo: Es el punto [&hellip;]\" \/>\n<meta property=\"og:url\" content=\"https:\/\/discoverdouro.pt\/es\/o-que-ver-em-alijo-es\" \/>\n<meta property=\"og:site_name\" content=\"Discover Douro\" \/>\n<meta property=\"article:publisher\" content=\"https:\/\/www.facebook.com\/profile.php?id=61555234744391\" \/>\n<meta property=\"article:published_time\" content=\"2024-05-26T22:00:00+00:00\" \/>\n<meta property=\"article:modified_time\" content=\"2024-05-26T23:00:00+00:00\" \/>\n<meta property=\"og:image\" content=\"https:\/\/discoverdouro.pt\/wp-content\/uploads\/2025\/01\/6654afa1cf72ef7b10b9c927\" \/>\n\t<meta property=\"og:image:width\" content=\"1535\" \/>\n\t<meta property=\"og:image:height\" content=\"863\" \/>\n\t<meta property=\"og:image:type\" content=\"image\/png\" \/>\n<meta name=\"author\" content=\"joao.pedro@digiup.me\" \/>\n<meta name=\"twitter:card\" content=\"summary_large_image\" \/>\n<meta name=\"twitter:creator\" content=\"@DiscoverDouro\" \/>\n<meta name=\"twitter:site\" content=\"@DiscoverDouro\" \/>\n<meta name=\"twitter:label1\" content=\"Written by\" \/>\n\t<meta name=\"twitter:data1\" content=\"joao.pedro@digiup.me\" \/>\n\t<meta name=\"twitter:label2\" content=\"Est. reading time\" \/>\n\t<meta name=\"twitter:data2\" content=\"6 minutes\" \/>\n<script type=\"application\/ld+json\" class=\"yoast-schema-graph\">{\"@context\":\"https:\/\/schema.org\",\"@graph\":[{\"@type\":\"Article\",\"@id\":\"https:\/\/discoverdouro.pt\/es\/o-que-ver-em-alijo-es#article\",\"isPartOf\":{\"@id\":\"https:\/\/discoverdouro.pt\/es\/o-que-ver-em-alijo-es\"},\"author\":{\"name\":\"joao.pedro@digiup.me\",\"@id\":\"https:\/\/discoverdouro.pt\/es#\/schema\/person\/3f2d159ab7b7ff3b58e4a78a036c171e\"},\"headline\":\"Qu\u00e9 ver en Alij\u00f3\",\"datePublished\":\"2024-05-26T22:00:00+00:00\",\"dateModified\":\"2024-05-26T23:00:00+00:00\",\"mainEntityOfPage\":{\"@id\":\"https:\/\/discoverdouro.pt\/es\/o-que-ver-em-alijo-es\"},\"wordCount\":1122,\"commentCount\":0,\"publisher\":{\"@id\":\"https:\/\/discoverdouro.pt\/es#organization\"},\"image\":{\"@id\":\"https:\/\/discoverdouro.pt\/es\/o-que-ver-em-alijo-es#primaryimage\"},\"thumbnailUrl\":\"https:\/\/discoverdouro.pt\/wp-content\/uploads\/2025\/01\/6654afa1cf72ef7b10b9c927\",\"articleSection\":[\"pois\"],\"inLanguage\":\"es\",\"potentialAction\":[{\"@type\":\"CommentAction\",\"name\":\"Comment\",\"target\":[\"https:\/\/discoverdouro.pt\/es\/o-que-ver-em-alijo-es#respond\"]}]},{\"@type\":\"WebPage\",\"@id\":\"https:\/\/discoverdouro.pt\/es\/o-que-ver-em-alijo-es\",\"url\":\"https:\/\/discoverdouro.pt\/es\/o-que-ver-em-alijo-es\",\"name\":\"Qu\u00e9 ver en Alij\u00f3 - Discover Douro\",\"isPartOf\":{\"@id\":\"https:\/\/discoverdouro.pt\/es#website\"},\"primaryImageOfPage\":{\"@id\":\"https:\/\/discoverdouro.pt\/es\/o-que-ver-em-alijo-es#primaryimage\"},\"image\":{\"@id\":\"https:\/\/discoverdouro.pt\/es\/o-que-ver-em-alijo-es#primaryimage\"},\"thumbnailUrl\":\"https:\/\/discoverdouro.pt\/wp-content\/uploads\/2025\/01\/6654afa1cf72ef7b10b9c927\",\"datePublished\":\"2024-05-26T22:00:00+00:00\",\"dateModified\":\"2024-05-26T23:00:00+00:00\",\"breadcrumb\":{\"@id\":\"https:\/\/discoverdouro.pt\/es\/o-que-ver-em-alijo-es#breadcrumb\"},\"inLanguage\":\"es\",\"potentialAction\":[{\"@type\":\"ReadAction\",\"target\":[\"https:\/\/discoverdouro.pt\/es\/o-que-ver-em-alijo-es\"]}]},{\"@type\":\"ImageObject\",\"inLanguage\":\"es\",\"@id\":\"https:\/\/discoverdouro.pt\/es\/o-que-ver-em-alijo-es#primaryimage\",\"url\":\"https:\/\/discoverdouro.pt\/wp-content\/uploads\/2025\/01\/6654afa1cf72ef7b10b9c927\",\"contentUrl\":\"https:\/\/discoverdouro.pt\/wp-content\/uploads\/2025\/01\/6654afa1cf72ef7b10b9c927\",\"width\":1535,\"height\":863},{\"@type\":\"BreadcrumbList\",\"@id\":\"https:\/\/discoverdouro.pt\/es\/o-que-ver-em-alijo-es#breadcrumb\",\"itemListElement\":[{\"@type\":\"ListItem\",\"position\":1,\"name\":\"Home\",\"item\":\"https:\/\/discoverdouro.pt\/es\"},{\"@type\":\"ListItem\",\"position\":2,\"name\":\"Qu\u00e9 ver en Alij\u00f3\"}]},{\"@type\":\"WebSite\",\"@id\":\"https:\/\/discoverdouro.pt\/es#website\",\"url\":\"https:\/\/discoverdouro.pt\/es\",\"name\":\"Discover Douro\",\"description\":\"O Para\u00edso de Portugal\",\"publisher\":{\"@id\":\"https:\/\/discoverdouro.pt\/es#organization\"},\"potentialAction\":[{\"@type\":\"SearchAction\",\"target\":{\"@type\":\"EntryPoint\",\"urlTemplate\":\"https:\/\/discoverdouro.pt\/es?s={search_term_string}\"},\"query-input\":{\"@type\":\"PropertyValueSpecification\",\"valueRequired\":true,\"valueName\":\"search_term_string\"}}],\"inLanguage\":\"es\"},{\"@type\":\"Organization\",\"@id\":\"https:\/\/discoverdouro.pt\/es#organization\",\"name\":\"Discover Douro\",\"url\":\"https:\/\/discoverdouro.pt\/es\",\"logo\":{\"@type\":\"ImageObject\",\"inLanguage\":\"es\",\"@id\":\"https:\/\/discoverdouro.pt\/es#\/schema\/logo\/image\/\",\"url\":\"https:\/\/www.discoverdouro.pt\/wp-content\/uploads\/2024\/01\/cropped-Icon_Discover.png\",\"contentUrl\":\"https:\/\/www.discoverdouro.pt\/wp-content\/uploads\/2024\/01\/cropped-Icon_Discover.png\",\"width\":512,\"height\":512,\"caption\":\"Discover Douro\"},\"image\":{\"@id\":\"https:\/\/discoverdouro.pt\/es#\/schema\/logo\/image\/\"},\"sameAs\":[\"https:\/\/www.facebook.com\/profile.php?id=61555234744391\",\"https:\/\/x.com\/DiscoverDouro\",\"https:\/\/www.instagram.com\/discover.douro\",\"https:\/\/www.tiktok.com\/@discoverdouro\",\"https:\/\/www.linkedin.com\/company\/discover-douro\/\"]},{\"@type\":\"Person\",\"@id\":\"https:\/\/discoverdouro.pt\/es#\/schema\/person\/3f2d159ab7b7ff3b58e4a78a036c171e\",\"name\":\"joao.pedro@digiup.me\",\"image\":{\"@type\":\"ImageObject\",\"inLanguage\":\"es\",\"@id\":\"https:\/\/discoverdouro.pt\/es#\/schema\/person\/image\/\",\"url\":\"https:\/\/secure.gravatar.com\/avatar\/e82803344cd9072cbc54d090473b9e9c391d1d16cd4f46a2f044dd6043073947?s=96&d=mm&r=g\",\"contentUrl\":\"https:\/\/secure.gravatar.com\/avatar\/e82803344cd9072cbc54d090473b9e9c391d1d16cd4f46a2f044dd6043073947?s=96&d=mm&r=g\",\"caption\":\"joao.pedro@digiup.me\"}}]}<\/script>\n<!-- \/ Yoast SEO plugin. -->","yoast_head_json":{"title":"Qu\u00e9 ver en Alij\u00f3 - Discover Douro","robots":{"index":"index","follow":"follow","max-snippet":"max-snippet:-1","max-image-preview":"max-image-preview:large","max-video-preview":"max-video-preview:-1"},"canonical":"https:\/\/discoverdouro.pt\/es\/o-que-ver-em-alijo-es","og_locale":"es_ES","og_type":"article","og_title":"Qu\u00e9 ver en Alij\u00f3 - Discover Douro","og_description":"Comenzamos este viaje en Alij\u00f3, un municipio por descubrir que en su d\u00eda fue apodado el embajador portugu\u00e9s de la producci\u00f3n vin\u00edcola. En este art\u00edculo compartimos con los m\u00e1s curiosos lo que se puede visitar y hacer en este Municipio. Miradores: Esta villa invita a visitar sus diversos Miradores. -Mirador de Ujo: Es el punto [&hellip;]","og_url":"https:\/\/discoverdouro.pt\/es\/o-que-ver-em-alijo-es","og_site_name":"Discover Douro","article_publisher":"https:\/\/www.facebook.com\/profile.php?id=61555234744391","article_published_time":"2024-05-26T22:00:00+00:00","article_modified_time":"2024-05-26T23:00:00+00:00","og_image":[{"width":1535,"height":863,"url":"https:\/\/discoverdouro.pt\/wp-content\/uploads\/2025\/01\/6654afa1cf72ef7b10b9c927","type":"image\/png"}],"author":"joao.pedro@digiup.me","twitter_card":"summary_large_image","twitter_creator":"@DiscoverDouro","twitter_site":"@DiscoverDouro","twitter_misc":{"Written by":"joao.pedro@digiup.me","Est. reading time":"6 minutes"},"schema":{"@context":"https:\/\/schema.org","@graph":[{"@type":"Article","@id":"https:\/\/discoverdouro.pt\/es\/o-que-ver-em-alijo-es#article","isPartOf":{"@id":"https:\/\/discoverdouro.pt\/es\/o-que-ver-em-alijo-es"},"author":{"name":"joao.pedro@digiup.me","@id":"https:\/\/discoverdouro.pt\/es#\/schema\/person\/3f2d159ab7b7ff3b58e4a78a036c171e"},"headline":"Qu\u00e9 ver en Alij\u00f3","datePublished":"2024-05-26T22:00:00+00:00","dateModified":"2024-05-26T23:00:00+00:00","mainEntityOfPage":{"@id":"https:\/\/discoverdouro.pt\/es\/o-que-ver-em-alijo-es"},"wordCount":1122,"commentCount":0,"publisher":{"@id":"https:\/\/discoverdouro.pt\/es#organization"},"image":{"@id":"https:\/\/discoverdouro.pt\/es\/o-que-ver-em-alijo-es#primaryimage"},"thumbnailUrl":"https:\/\/discoverdouro.pt\/wp-content\/uploads\/2025\/01\/6654afa1cf72ef7b10b9c927","articleSection":["pois"],"inLanguage":"es","potentialAction":[{"@type":"CommentAction","name":"Comment","target":["https:\/\/discoverdouro.pt\/es\/o-que-ver-em-alijo-es#respond"]}]},{"@type":"WebPage","@id":"https:\/\/discoverdouro.pt\/es\/o-que-ver-em-alijo-es","url":"https:\/\/discoverdouro.pt\/es\/o-que-ver-em-alijo-es","name":"Qu\u00e9 ver en Alij\u00f3 - Discover Douro","isPartOf":{"@id":"https:\/\/discoverdouro.pt\/es#website"},"primaryImageOfPage":{"@id":"https:\/\/discoverdouro.pt\/es\/o-que-ver-em-alijo-es#primaryimage"},"image":{"@id":"https:\/\/discoverdouro.pt\/es\/o-que-ver-em-alijo-es#primaryimage"},"thumbnailUrl":"https:\/\/discoverdouro.pt\/wp-content\/uploads\/2025\/01\/6654afa1cf72ef7b10b9c927","datePublished":"2024-05-26T22:00:00+00:00","dateModified":"2024-05-26T23:00:00+00:00","breadcrumb":{"@id":"https:\/\/discoverdouro.pt\/es\/o-que-ver-em-alijo-es#breadcrumb"},"inLanguage":"es","potentialAction":[{"@type":"ReadAction","target":["https:\/\/discoverdouro.pt\/es\/o-que-ver-em-alijo-es"]}]},{"@type":"ImageObject","inLanguage":"es","@id":"https:\/\/discoverdouro.pt\/es\/o-que-ver-em-alijo-es#primaryimage","url":"https:\/\/discoverdouro.pt\/wp-content\/uploads\/2025\/01\/6654afa1cf72ef7b10b9c927","contentUrl":"https:\/\/discoverdouro.pt\/wp-content\/uploads\/2025\/01\/6654afa1cf72ef7b10b9c927","width":1535,"height":863},{"@type":"BreadcrumbList","@id":"https:\/\/discoverdouro.pt\/es\/o-que-ver-em-alijo-es#breadcrumb","itemListElement":[{"@type":"ListItem","position":1,"name":"Home","item":"https:\/\/discoverdouro.pt\/es"},{"@type":"ListItem","position":2,"name":"Qu\u00e9 ver en Alij\u00f3"}]},{"@type":"WebSite","@id":"https:\/\/discoverdouro.pt\/es#website","url":"https:\/\/discoverdouro.pt\/es","name":"Discover Douro","description":"O Para\u00edso de Portugal","publisher":{"@id":"https:\/\/discoverdouro.pt\/es#organization"},"potentialAction":[{"@type":"SearchAction","target":{"@type":"EntryPoint","urlTemplate":"https:\/\/discoverdouro.pt\/es?s={search_term_string}"},"query-input":{"@type":"PropertyValueSpecification","valueRequired":true,"valueName":"search_term_string"}}],"inLanguage":"es"},{"@type":"Organization","@id":"https:\/\/discoverdouro.pt\/es#organization","name":"Discover Douro","url":"https:\/\/discoverdouro.pt\/es","logo":{"@type":"ImageObject","inLanguage":"es","@id":"https:\/\/discoverdouro.pt\/es#\/schema\/logo\/image\/","url":"https:\/\/www.discoverdouro.pt\/wp-content\/uploads\/2024\/01\/cropped-Icon_Discover.png","contentUrl":"https:\/\/www.discoverdouro.pt\/wp-content\/uploads\/2024\/01\/cropped-Icon_Discover.png","width":512,"height":512,"caption":"Discover Douro"},"image":{"@id":"https:\/\/discoverdouro.pt\/es#\/schema\/logo\/image\/"},"sameAs":["https:\/\/www.facebook.com\/profile.php?id=61555234744391","https:\/\/x.com\/DiscoverDouro","https:\/\/www.instagram.com\/discover.douro","https:\/\/www.tiktok.com\/@discoverdouro","https:\/\/www.linkedin.com\/company\/discover-douro\/"]},{"@type":"Person","@id":"https:\/\/discoverdouro.pt\/es#\/schema\/person\/3f2d159ab7b7ff3b58e4a78a036c171e","name":"joao.pedro@digiup.me","image":{"@type":"ImageObject","inLanguage":"es","@id":"https:\/\/discoverdouro.pt\/es#\/schema\/person\/image\/","url":"https:\/\/secure.gravatar.com\/avatar\/e82803344cd9072cbc54d090473b9e9c391d1d16cd4f46a2f044dd6043073947?s=96&d=mm&r=g","contentUrl":"https:\/\/secure.gravatar.com\/avatar\/e82803344cd9072cbc54d090473b9e9c391d1d16cd4f46a2f044dd6043073947?s=96&d=mm&r=g","caption":"joao.pedro@digiup.me"}}]}},"_links":{"self":[{"href":"https:\/\/discoverdouro.pt\/es\/wp-json\/wp\/v2\/posts\/80232","targetHints":{"allow":["GET"]}}],"collection":[{"href":"https:\/\/discoverdouro.pt\/es\/wp-json\/wp\/v2\/posts"}],"about":[{"href":"https:\/\/discoverdouro.pt\/es\/wp-json\/wp\/v2\/types\/post"}],"author":[{"embeddable":true,"href":"https:\/\/discoverdouro.pt\/es\/wp-json\/wp\/v2\/users\/41"}],"replies":[{"embeddable":true,"href":"https:\/\/discoverdouro.pt\/es\/wp-json\/wp\/v2\/comments?post=80232"}],"version-history":[{"count":0,"href":"https:\/\/discoverdouro.pt\/es\/wp-json\/wp\/v2\/posts\/80232\/revisions"}],"wp:featuredmedia":[{"embeddable":true,"href":"https:\/\/discoverdouro.pt\/es\/wp-json\/wp\/v2\/media\/80227"}],"wp:attachment":[{"href":"https:\/\/discoverdouro.pt\/es\/wp-json\/wp\/v2\/media?parent=80232"}],"wp:term":[{"taxonomy":"category","embeddable":true,"href":"https:\/\/discoverdouro.pt\/es\/wp-json\/wp\/v2\/categories?post=80232"},{"taxonomy":"post_tag","embeddable":true,"href":"https:\/\/discoverdouro.pt\/es\/wp-json\/wp\/v2\/tags?post=80232"}],"curies":[{"name":"wp","href":"https:\/\/api.w.org\/{rel}","templated":true}]}}