{"id":81074,"date":"2026-03-29T23:00:00","date_gmt":"2026-03-29T22:00:00","guid":{"rendered":"https:\/\/discoverdouro.pt\/o-manto-do-douro-es"},"modified":"2026-04-06T18:02:43","modified_gmt":"2026-04-06T17:02:43","slug":"o-manto-do-douro-es","status":"publish","type":"post","link":"https:\/\/discoverdouro.pt\/es\/o-manto-do-douro-es","title":{"rendered":"El Manto Blanco del Douro y la Leyenda de los Almendros en Flor"},"content":{"rendered":"<p>La floraci\u00f3n de los almendros es uno de los acontecimientos m\u00e1s destacados de la regi\u00f3n del Douro. Entre los meses de febrero y marzo, municipios como Vila Nova de Foz C\u00f4a, Torre de Moncorvo y Freixo de Espada \u00e0 Cinta se cubren de blanco, creando un paisaje \u00fanico y deslumbrante. Adem\u00e1s de ser un hermoso fen\u00f3meno natural, este espect\u00e1culo est\u00e1 envuelto en una leyenda fascinante.<\/p>\n<p>Cuenta la leyenda que, en la zona de la actual Silves, en el Algarve, un rey moro se cas\u00f3 con Gilda, una hermosa princesa n\u00f3rdica de cabello rubio y ojos azules. Sin embargo, Gilda viv\u00eda sumida en una profunda tristeza, nost\u00e1lgica de sus tierras natales cubiertas de nieve, lo que la llev\u00f3 a enfermar. Desesperado por alegrarla y devolverle la salud, el rey sigui\u00f3 el consejo de un prisionero del Norte y orden\u00f3 plantar miles de almendros. El objetivo era que, con la llegada de la primavera, los \u00e1rboles se llenaran de flores blancas, creando la ilusi\u00f3n de un manto de nieve. Cuando floreci\u00f3 la primavera, la princesa se encontr\u00f3 con el paisaje te\u00f1ido de blanco. La visi\u00f3n cur\u00f3 su melancol\u00eda, aliviando finalmente la a\u00f1oranza de su hogar.<\/p>\n","protected":false},"excerpt":{"rendered":"<p>La floraci\u00f3n de los almendros es uno de los acontecimientos m\u00e1s destacados de la regi\u00f3n del Douro. Entre los meses de febrero y marzo, municipios como Vila Nova de Foz C\u00f4a, Torre de Moncorvo y Freixo de Espada \u00e0 Cinta se cubren de blanco, creando un paisaje \u00fanico y deslumbrante. Adem\u00e1s de ser un hermoso [&hellip;]<\/p>\n","protected":false},"author":56,"featured_media":81086,"comment_status":"closed","ping_status":"closed","sticky":false,"template":"","format":"standard","meta":{"footnotes":""},"categories":[135],"tags":[],"class_list":["post-81074","post","type-post","status-publish","format-standard","has-post-thumbnail","hentry","category-sin-categorizar"],"acf":[],"yoast_head":"<!-- This site is optimized with the Yoast SEO plugin v26.2 - https:\/\/yoast.com\/wordpress\/plugins\/seo\/ -->\n<title>El Manto Blanco del Douro y la Leyenda de los Almendros en Flor - Discover Douro<\/title>\n<meta name=\"robots\" content=\"index, follow, max-snippet:-1, max-image-preview:large, max-video-preview:-1\" \/>\n<link rel=\"canonical\" href=\"https:\/\/discoverdouro.pt\/es\/o-manto-do-douro-es\" \/>\n<meta property=\"og:locale\" content=\"es_ES\" \/>\n<meta property=\"og:type\" content=\"article\" \/>\n<meta property=\"og:title\" content=\"El Manto Blanco del Douro y la Leyenda de los Almendros en Flor - Discover Douro\" \/>\n<meta property=\"og:description\" content=\"La floraci\u00f3n de los almendros es uno de los acontecimientos m\u00e1s destacados de la regi\u00f3n del Douro. Entre los meses de febrero y marzo, municipios como Vila Nova de Foz C\u00f4a, Torre de Moncorvo y Freixo de Espada \u00e0 Cinta se cubren de blanco, creando un paisaje \u00fanico y deslumbrante. Adem\u00e1s de ser un hermoso [&hellip;]\" \/>\n<meta property=\"og:url\" content=\"https:\/\/discoverdouro.pt\/es\/o-manto-do-douro-es\" \/>\n<meta property=\"og:site_name\" content=\"Discover Douro\" \/>\n<meta property=\"article:publisher\" content=\"https:\/\/www.facebook.com\/profile.php?id=61555234744391\" \/>\n<meta property=\"article:published_time\" content=\"2026-03-29T22:00:00+00:00\" \/>\n<meta property=\"article:modified_time\" content=\"2026-04-06T17:02:43+00:00\" \/>\n<meta property=\"og:image\" content=\"https:\/\/discoverdouro.pt\/wp-content\/uploads\/2026\/03\/das.png\" \/>\n\t<meta property=\"og:image:width\" content=\"1368\" \/>\n\t<meta property=\"og:image:height\" content=\"761\" \/>\n\t<meta property=\"og:image:type\" content=\"image\/png\" \/>\n<meta name=\"author\" content=\"Discover Douro\" \/>\n<meta name=\"twitter:card\" content=\"summary_large_image\" \/>\n<meta name=\"twitter:creator\" content=\"@DiscoverDouro\" \/>\n<meta name=\"twitter:site\" content=\"@DiscoverDouro\" \/>\n<meta name=\"twitter:label1\" content=\"Written by\" \/>\n\t<meta name=\"twitter:data1\" content=\"Discover Douro\" \/>\n\t<meta name=\"twitter:label2\" content=\"Est. reading time\" \/>\n\t<meta name=\"twitter:data2\" content=\"2 minutes\" \/>\n<script type=\"application\/ld+json\" class=\"yoast-schema-graph\">{\"@context\":\"https:\/\/schema.org\",\"@graph\":[{\"@type\":\"Article\",\"@id\":\"https:\/\/discoverdouro.pt\/es\/o-manto-do-douro-es#article\",\"isPartOf\":{\"@id\":\"https:\/\/discoverdouro.pt\/es\/o-manto-do-douro-es\"},\"author\":{\"name\":\"Discover Douro\",\"@id\":\"https:\/\/discoverdouro.pt\/es#\/schema\/person\/c21ed30cb87c862b2e3ba2e7ea2e0f77\"},\"headline\":\"El Manto Blanco del Douro y la Leyenda de los Almendros en Flor\",\"datePublished\":\"2026-03-29T22:00:00+00:00\",\"dateModified\":\"2026-04-06T17:02:43+00:00\",\"mainEntityOfPage\":{\"@id\":\"https:\/\/discoverdouro.pt\/es\/o-manto-do-douro-es\"},\"wordCount\":220,\"publisher\":{\"@id\":\"https:\/\/discoverdouro.pt\/es#organization\"},\"image\":{\"@id\":\"https:\/\/discoverdouro.pt\/es\/o-manto-do-douro-es#primaryimage\"},\"thumbnailUrl\":\"https:\/\/discoverdouro.pt\/wp-content\/uploads\/2026\/03\/das.png\",\"articleSection\":[\"Sin categorizar\"],\"inLanguage\":\"es\"},{\"@type\":\"WebPage\",\"@id\":\"https:\/\/discoverdouro.pt\/es\/o-manto-do-douro-es\",\"url\":\"https:\/\/discoverdouro.pt\/es\/o-manto-do-douro-es\",\"name\":\"El Manto Blanco del Douro y la Leyenda de los Almendros en Flor - Discover Douro\",\"isPartOf\":{\"@id\":\"https:\/\/discoverdouro.pt\/es#website\"},\"primaryImageOfPage\":{\"@id\":\"https:\/\/discoverdouro.pt\/es\/o-manto-do-douro-es#primaryimage\"},\"image\":{\"@id\":\"https:\/\/discoverdouro.pt\/es\/o-manto-do-douro-es#primaryimage\"},\"thumbnailUrl\":\"https:\/\/discoverdouro.pt\/wp-content\/uploads\/2026\/03\/das.png\",\"datePublished\":\"2026-03-29T22:00:00+00:00\",\"dateModified\":\"2026-04-06T17:02:43+00:00\",\"breadcrumb\":{\"@id\":\"https:\/\/discoverdouro.pt\/es\/o-manto-do-douro-es#breadcrumb\"},\"inLanguage\":\"es\",\"potentialAction\":[{\"@type\":\"ReadAction\",\"target\":[\"https:\/\/discoverdouro.pt\/es\/o-manto-do-douro-es\"]}]},{\"@type\":\"ImageObject\",\"inLanguage\":\"es\",\"@id\":\"https:\/\/discoverdouro.pt\/es\/o-manto-do-douro-es#primaryimage\",\"url\":\"https:\/\/discoverdouro.pt\/wp-content\/uploads\/2026\/03\/das.png\",\"contentUrl\":\"https:\/\/discoverdouro.pt\/wp-content\/uploads\/2026\/03\/das.png\",\"width\":1368,\"height\":761},{\"@type\":\"BreadcrumbList\",\"@id\":\"https:\/\/discoverdouro.pt\/es\/o-manto-do-douro-es#breadcrumb\",\"itemListElement\":[{\"@type\":\"ListItem\",\"position\":1,\"name\":\"Home\",\"item\":\"https:\/\/discoverdouro.pt\/es\"},{\"@type\":\"ListItem\",\"position\":2,\"name\":\"El Manto Blanco del Douro y la Leyenda de los Almendros en Flor\"}]},{\"@type\":\"WebSite\",\"@id\":\"https:\/\/discoverdouro.pt\/es#website\",\"url\":\"https:\/\/discoverdouro.pt\/es\",\"name\":\"Discover Douro\",\"description\":\"O Para\u00edso de Portugal\",\"publisher\":{\"@id\":\"https:\/\/discoverdouro.pt\/es#organization\"},\"potentialAction\":[{\"@type\":\"SearchAction\",\"target\":{\"@type\":\"EntryPoint\",\"urlTemplate\":\"https:\/\/discoverdouro.pt\/es?s={search_term_string}\"},\"query-input\":{\"@type\":\"PropertyValueSpecification\",\"valueRequired\":true,\"valueName\":\"search_term_string\"}}],\"inLanguage\":\"es\"},{\"@type\":\"Organization\",\"@id\":\"https:\/\/discoverdouro.pt\/es#organization\",\"name\":\"Discover Douro\",\"url\":\"https:\/\/discoverdouro.pt\/es\",\"logo\":{\"@type\":\"ImageObject\",\"inLanguage\":\"es\",\"@id\":\"https:\/\/discoverdouro.pt\/es#\/schema\/logo\/image\/\",\"url\":\"https:\/\/www.discoverdouro.pt\/wp-content\/uploads\/2024\/01\/cropped-Icon_Discover.png\",\"contentUrl\":\"https:\/\/www.discoverdouro.pt\/wp-content\/uploads\/2024\/01\/cropped-Icon_Discover.png\",\"width\":512,\"height\":512,\"caption\":\"Discover Douro\"},\"image\":{\"@id\":\"https:\/\/discoverdouro.pt\/es#\/schema\/logo\/image\/\"},\"sameAs\":[\"https:\/\/www.facebook.com\/profile.php?id=61555234744391\",\"https:\/\/x.com\/DiscoverDouro\",\"https:\/\/www.instagram.com\/discover.douro\",\"https:\/\/www.tiktok.com\/@discoverdouro\",\"https:\/\/www.linkedin.com\/company\/discover-douro\/\"]},{\"@type\":\"Person\",\"@id\":\"https:\/\/discoverdouro.pt\/es#\/schema\/person\/c21ed30cb87c862b2e3ba2e7ea2e0f77\",\"name\":\"Discover Douro\",\"image\":{\"@type\":\"ImageObject\",\"inLanguage\":\"es\",\"@id\":\"https:\/\/discoverdouro.pt\/es#\/schema\/person\/image\/\",\"url\":\"https:\/\/secure.gravatar.com\/avatar\/080a3d249c71dba3676a664f112b5db1887232610f6a24ec4423ba9c7f1e600d?s=96&d=mm&r=g\",\"contentUrl\":\"https:\/\/secure.gravatar.com\/avatar\/080a3d249c71dba3676a664f112b5db1887232610f6a24ec4423ba9c7f1e600d?s=96&d=mm&r=g\",\"caption\":\"Discover Douro\"}}]}<\/script>\n<!-- \/ Yoast SEO plugin. -->","yoast_head_json":{"title":"El Manto Blanco del Douro y la Leyenda de los Almendros en Flor - Discover Douro","robots":{"index":"index","follow":"follow","max-snippet":"max-snippet:-1","max-image-preview":"max-image-preview:large","max-video-preview":"max-video-preview:-1"},"canonical":"https:\/\/discoverdouro.pt\/es\/o-manto-do-douro-es","og_locale":"es_ES","og_type":"article","og_title":"El Manto Blanco del Douro y la Leyenda de los Almendros en Flor - Discover Douro","og_description":"La floraci\u00f3n de los almendros es uno de los acontecimientos m\u00e1s destacados de la regi\u00f3n del Douro. Entre los meses de febrero y marzo, municipios como Vila Nova de Foz C\u00f4a, Torre de Moncorvo y Freixo de Espada \u00e0 Cinta se cubren de blanco, creando un paisaje \u00fanico y deslumbrante. Adem\u00e1s de ser un hermoso [&hellip;]","og_url":"https:\/\/discoverdouro.pt\/es\/o-manto-do-douro-es","og_site_name":"Discover Douro","article_publisher":"https:\/\/www.facebook.com\/profile.php?id=61555234744391","article_published_time":"2026-03-29T22:00:00+00:00","article_modified_time":"2026-04-06T17:02:43+00:00","og_image":[{"width":1368,"height":761,"url":"https:\/\/discoverdouro.pt\/wp-content\/uploads\/2026\/03\/das.png","type":"image\/png"}],"author":"Discover Douro","twitter_card":"summary_large_image","twitter_creator":"@DiscoverDouro","twitter_site":"@DiscoverDouro","twitter_misc":{"Written by":"Discover Douro","Est. reading time":"2 minutes"},"schema":{"@context":"https:\/\/schema.org","@graph":[{"@type":"Article","@id":"https:\/\/discoverdouro.pt\/es\/o-manto-do-douro-es#article","isPartOf":{"@id":"https:\/\/discoverdouro.pt\/es\/o-manto-do-douro-es"},"author":{"name":"Discover Douro","@id":"https:\/\/discoverdouro.pt\/es#\/schema\/person\/c21ed30cb87c862b2e3ba2e7ea2e0f77"},"headline":"El Manto Blanco del Douro y la Leyenda de los Almendros en Flor","datePublished":"2026-03-29T22:00:00+00:00","dateModified":"2026-04-06T17:02:43+00:00","mainEntityOfPage":{"@id":"https:\/\/discoverdouro.pt\/es\/o-manto-do-douro-es"},"wordCount":220,"publisher":{"@id":"https:\/\/discoverdouro.pt\/es#organization"},"image":{"@id":"https:\/\/discoverdouro.pt\/es\/o-manto-do-douro-es#primaryimage"},"thumbnailUrl":"https:\/\/discoverdouro.pt\/wp-content\/uploads\/2026\/03\/das.png","articleSection":["Sin categorizar"],"inLanguage":"es"},{"@type":"WebPage","@id":"https:\/\/discoverdouro.pt\/es\/o-manto-do-douro-es","url":"https:\/\/discoverdouro.pt\/es\/o-manto-do-douro-es","name":"El Manto Blanco del Douro y la Leyenda de los Almendros en Flor - Discover Douro","isPartOf":{"@id":"https:\/\/discoverdouro.pt\/es#website"},"primaryImageOfPage":{"@id":"https:\/\/discoverdouro.pt\/es\/o-manto-do-douro-es#primaryimage"},"image":{"@id":"https:\/\/discoverdouro.pt\/es\/o-manto-do-douro-es#primaryimage"},"thumbnailUrl":"https:\/\/discoverdouro.pt\/wp-content\/uploads\/2026\/03\/das.png","datePublished":"2026-03-29T22:00:00+00:00","dateModified":"2026-04-06T17:02:43+00:00","breadcrumb":{"@id":"https:\/\/discoverdouro.pt\/es\/o-manto-do-douro-es#breadcrumb"},"inLanguage":"es","potentialAction":[{"@type":"ReadAction","target":["https:\/\/discoverdouro.pt\/es\/o-manto-do-douro-es"]}]},{"@type":"ImageObject","inLanguage":"es","@id":"https:\/\/discoverdouro.pt\/es\/o-manto-do-douro-es#primaryimage","url":"https:\/\/discoverdouro.pt\/wp-content\/uploads\/2026\/03\/das.png","contentUrl":"https:\/\/discoverdouro.pt\/wp-content\/uploads\/2026\/03\/das.png","width":1368,"height":761},{"@type":"BreadcrumbList","@id":"https:\/\/discoverdouro.pt\/es\/o-manto-do-douro-es#breadcrumb","itemListElement":[{"@type":"ListItem","position":1,"name":"Home","item":"https:\/\/discoverdouro.pt\/es"},{"@type":"ListItem","position":2,"name":"El Manto Blanco del Douro y la Leyenda de los Almendros en Flor"}]},{"@type":"WebSite","@id":"https:\/\/discoverdouro.pt\/es#website","url":"https:\/\/discoverdouro.pt\/es","name":"Discover Douro","description":"O Para\u00edso de Portugal","publisher":{"@id":"https:\/\/discoverdouro.pt\/es#organization"},"potentialAction":[{"@type":"SearchAction","target":{"@type":"EntryPoint","urlTemplate":"https:\/\/discoverdouro.pt\/es?s={search_term_string}"},"query-input":{"@type":"PropertyValueSpecification","valueRequired":true,"valueName":"search_term_string"}}],"inLanguage":"es"},{"@type":"Organization","@id":"https:\/\/discoverdouro.pt\/es#organization","name":"Discover Douro","url":"https:\/\/discoverdouro.pt\/es","logo":{"@type":"ImageObject","inLanguage":"es","@id":"https:\/\/discoverdouro.pt\/es#\/schema\/logo\/image\/","url":"https:\/\/www.discoverdouro.pt\/wp-content\/uploads\/2024\/01\/cropped-Icon_Discover.png","contentUrl":"https:\/\/www.discoverdouro.pt\/wp-content\/uploads\/2024\/01\/cropped-Icon_Discover.png","width":512,"height":512,"caption":"Discover Douro"},"image":{"@id":"https:\/\/discoverdouro.pt\/es#\/schema\/logo\/image\/"},"sameAs":["https:\/\/www.facebook.com\/profile.php?id=61555234744391","https:\/\/x.com\/DiscoverDouro","https:\/\/www.instagram.com\/discover.douro","https:\/\/www.tiktok.com\/@discoverdouro","https:\/\/www.linkedin.com\/company\/discover-douro\/"]},{"@type":"Person","@id":"https:\/\/discoverdouro.pt\/es#\/schema\/person\/c21ed30cb87c862b2e3ba2e7ea2e0f77","name":"Discover Douro","image":{"@type":"ImageObject","inLanguage":"es","@id":"https:\/\/discoverdouro.pt\/es#\/schema\/person\/image\/","url":"https:\/\/secure.gravatar.com\/avatar\/080a3d249c71dba3676a664f112b5db1887232610f6a24ec4423ba9c7f1e600d?s=96&d=mm&r=g","contentUrl":"https:\/\/secure.gravatar.com\/avatar\/080a3d249c71dba3676a664f112b5db1887232610f6a24ec4423ba9c7f1e600d?s=96&d=mm&r=g","caption":"Discover Douro"}}]}},"_links":{"self":[{"href":"https:\/\/discoverdouro.pt\/es\/wp-json\/wp\/v2\/posts\/81074","targetHints":{"allow":["GET"]}}],"collection":[{"href":"https:\/\/discoverdouro.pt\/es\/wp-json\/wp\/v2\/posts"}],"about":[{"href":"https:\/\/discoverdouro.pt\/es\/wp-json\/wp\/v2\/types\/post"}],"author":[{"embeddable":true,"href":"https:\/\/discoverdouro.pt\/es\/wp-json\/wp\/v2\/users\/56"}],"replies":[{"embeddable":true,"href":"https:\/\/discoverdouro.pt\/es\/wp-json\/wp\/v2\/comments?post=81074"}],"version-history":[{"count":1,"href":"https:\/\/discoverdouro.pt\/es\/wp-json\/wp\/v2\/posts\/81074\/revisions"}],"predecessor-version":[{"id":81090,"href":"https:\/\/discoverdouro.pt\/es\/wp-json\/wp\/v2\/posts\/81074\/revisions\/81090"}],"wp:featuredmedia":[{"embeddable":true,"href":"https:\/\/discoverdouro.pt\/es\/wp-json\/wp\/v2\/media\/81086"}],"wp:attachment":[{"href":"https:\/\/discoverdouro.pt\/es\/wp-json\/wp\/v2\/media?parent=81074"}],"wp:term":[{"taxonomy":"category","embeddable":true,"href":"https:\/\/discoverdouro.pt\/es\/wp-json\/wp\/v2\/categories?post=81074"},{"taxonomy":"post_tag","embeddable":true,"href":"https:\/\/discoverdouro.pt\/es\/wp-json\/wp\/v2\/tags?post=81074"}],"curies":[{"name":"wp","href":"https:\/\/api.w.org\/{rel}","templated":true}]}}