{"id":81128,"date":"2026-04-29T23:00:00","date_gmt":"2026-04-29T22:00:00","guid":{"rendered":"https:\/\/discoverdouro.pt\/5-miradouros-es"},"modified":"2026-04-30T19:06:17","modified_gmt":"2026-04-30T18:06:17","slug":"5-miradouros-es","status":"publish","type":"post","link":"https:\/\/discoverdouro.pt\/es\/5-miradouros-es","title":{"rendered":"5 Miradores en el Valle del Duero para Fotograf\u00edas Inolvidables"},"content":{"rendered":"<p>El Valle del Duero es, sin duda, una de las regiones m\u00e1s fotog\u00e9nicas del mundo. Con sus terrazas perfectamente dise\u00f1adas, el r\u00edo sereno y la luz dorada que ba\u00f1a el valle, no es de extra\u00f1ar que sea el para\u00edso para cualquier fot\u00f3grafo.<\/p>\n<p>Sin embargo, lugares famosos como el Mirador de S\u00e3o Leonardo de Galafura o el de Casal de Loivos suelen atraer a grandes multitudes. Si buscas escapar de las rutas tradicionales y captar la esencia pura del valle en paz, <strong>Discover Douro<\/strong> ha reunido una lista de 5 miradores menos conocidos que ofrecen impresionantes vistas panor\u00e1micas. \u00a1Prepara tu c\u00e1mara!<\/p>\n<h4>1. Mirador del Ujo (Alij\u00f3)<\/h4>\n<p>Aunque t\u00e9cnicamente se asoma al r\u00edo Tua (uno de los principales afluentes del Duero), este mirador en S\u00e3o Mamede de Ribatua es uno de los secretos mejor guardados de la regi\u00f3n. La vista es dram\u00e1tica: un profundo valle en forma de &#8220;U&#8221; perfecta, flanqueado por laderas rocosas y salvajes.<\/p>\n<h4>2. Mirador de Teixeir\u00f4 (Mes\u00e3o Frio)<\/h4>\n<p>A menudo ignorado por quienes tienen prisa por llegar al coraz\u00f3n del Duero, este punto en Mes\u00e3o Frio es considerado la &#8220;puerta de entrada&#8221; a la regi\u00f3n vin\u00edcola. Ofrece una vista espectacular del lugar donde el r\u00edo Duero comienza a estar flanqueado por las ic\u00f3nicas terrazas, marcando la transici\u00f3n entre la verde regi\u00f3n del Minho y el paisaje del Duero.<\/p>\n<h4>3. Mirador de Santa B\u00e1rbara (Armamar)<\/h4>\n<p>Situado en la margen sur del r\u00edo, en el municipio de Armamar, este mirador junto a una peque\u00f1a capilla ofrece una perspectiva completamente diferente a la habitual. Desde aqu\u00ed, tienes una vista despejada de Peso da R\u00e9gua y los vi\u00f1edos que se extienden hasta perderse de vista en las laderas opuestas.<\/p>\n<h4>4. Mirador de S\u00e3o Domingos (Peso da R\u00e9gua)<\/h4>\n<p>Si el Mirador de Galafura est\u00e1 lleno, el de S\u00e3o Domingos (en Fontelas) es la alternativa perfecta y, para muchos, a\u00fan m\u00e1s especial. Est\u00e1 en la cima de una colina aislada y ofrece una vista de 360 grados que abarca el valle del Duero, la sierra de Mar\u00e3o y la sierra de Meadas. Es un lugar de paz absoluta.<\/p>\n<h4>5. Mirador de Vargelas (S\u00e3o Jo\u00e3o da Pesqueira)<\/h4>\n<p>Avanzando hacia el Duero Profundo (cerca de la transici\u00f3n al Alto Duero), el paisaje se vuelve m\u00e1s \u00e1rido, silencioso e imponente. La vista hacia la zona de Vargelas es de una belleza cruda. Es aqu\u00ed donde puedes observar la famosa l\u00ednea de tren del Duero bordeando el r\u00edo, perfectamente enmarcada por los extensos vi\u00f1edos de algunas de las fincas m\u00e1s prestigiosas del mundo.<\/p>\n<p><strong>\u00bfListo para explorar el Duero fuera de lo com\u00fan?<\/strong> La belleza del Valle del Duero reside en sus rincones escondidos. Si quieres descubrir estos y otros lugares exclusivos sin tener que preocuparte por mapas o carreteras sinuosas, \u00fanete a nosotros en <strong>Discover Douro<\/strong>. Creamos experiencias a medida para que te lleves a casa no solo grandes fotograf\u00edas, sino recuerdos inolvidables.<\/p>\n<p><em>\u00a1Comparte tus fotos con nosotros usando #DiscoverDouro y etiqu\u00e9tanos en tus viajes!<\/em><\/p>\n","protected":false},"excerpt":{"rendered":"<p>El Valle del Duero es, sin duda, una de las regiones m\u00e1s fotog\u00e9nicas del mundo. Con sus terrazas perfectamente dise\u00f1adas, el r\u00edo sereno y la luz dorada que ba\u00f1a el valle, no es de extra\u00f1ar que sea el para\u00edso para cualquier fot\u00f3grafo. Sin embargo, lugares famosos como el Mirador de S\u00e3o Leonardo de Galafura o [&hellip;]<\/p>\n","protected":false},"author":56,"featured_media":81141,"comment_status":"closed","ping_status":"closed","sticky":false,"template":"","format":"standard","meta":{"footnotes":""},"categories":[135],"tags":[],"class_list":["post-81128","post","type-post","status-publish","format-standard","has-post-thumbnail","hentry","category-sin-categorizar"],"acf":[],"yoast_head":"<!-- This site is optimized with the Yoast SEO plugin v26.2 - https:\/\/yoast.com\/wordpress\/plugins\/seo\/ -->\n<title>5 Miradores en el Valle del Duero para Fotograf\u00edas Inolvidables - Discover Douro<\/title>\n<meta name=\"robots\" content=\"index, follow, max-snippet:-1, max-image-preview:large, max-video-preview:-1\" \/>\n<link rel=\"canonical\" href=\"https:\/\/discoverdouro.pt\/es\/5-miradouros-es\" \/>\n<meta property=\"og:locale\" content=\"es_ES\" \/>\n<meta property=\"og:type\" content=\"article\" \/>\n<meta property=\"og:title\" content=\"5 Miradores en el Valle del Duero para Fotograf\u00edas Inolvidables - Discover Douro\" \/>\n<meta property=\"og:description\" content=\"El Valle del Duero es, sin duda, una de las regiones m\u00e1s fotog\u00e9nicas del mundo. Con sus terrazas perfectamente dise\u00f1adas, el r\u00edo sereno y la luz dorada que ba\u00f1a el valle, no es de extra\u00f1ar que sea el para\u00edso para cualquier fot\u00f3grafo. Sin embargo, lugares famosos como el Mirador de S\u00e3o Leonardo de Galafura o [&hellip;]\" \/>\n<meta property=\"og:url\" content=\"https:\/\/discoverdouro.pt\/es\/5-miradouros-es\" \/>\n<meta property=\"og:site_name\" content=\"Discover Douro\" \/>\n<meta property=\"article:publisher\" content=\"https:\/\/www.facebook.com\/profile.php?id=61555234744391\" \/>\n<meta property=\"article:published_time\" content=\"2026-04-29T22:00:00+00:00\" \/>\n<meta property=\"article:modified_time\" content=\"2026-04-30T18:06:17+00:00\" \/>\n<meta property=\"og:image\" content=\"https:\/\/discoverdouro.pt\/wp-content\/uploads\/2026\/04\/es-100-1.jpg\" \/>\n\t<meta property=\"og:image:width\" content=\"1537\" \/>\n\t<meta property=\"og:image:height\" content=\"864\" \/>\n\t<meta property=\"og:image:type\" content=\"image\/jpeg\" \/>\n<meta name=\"author\" content=\"Discover Douro\" \/>\n<meta name=\"twitter:card\" content=\"summary_large_image\" \/>\n<meta name=\"twitter:creator\" content=\"@DiscoverDouro\" \/>\n<meta name=\"twitter:site\" content=\"@DiscoverDouro\" \/>\n<meta name=\"twitter:label1\" content=\"Written by\" \/>\n\t<meta name=\"twitter:data1\" content=\"Discover Douro\" \/>\n\t<meta name=\"twitter:label2\" content=\"Est. reading time\" \/>\n\t<meta name=\"twitter:data2\" content=\"3 minutes\" \/>\n<script type=\"application\/ld+json\" class=\"yoast-schema-graph\">{\"@context\":\"https:\/\/schema.org\",\"@graph\":[{\"@type\":\"Article\",\"@id\":\"https:\/\/discoverdouro.pt\/es\/5-miradouros-es#article\",\"isPartOf\":{\"@id\":\"https:\/\/discoverdouro.pt\/es\/5-miradouros-es\"},\"author\":{\"name\":\"Discover Douro\",\"@id\":\"https:\/\/discoverdouro.pt\/es#\/schema\/person\/c21ed30cb87c862b2e3ba2e7ea2e0f77\"},\"headline\":\"5 Miradores en el Valle del Duero para Fotograf\u00edas Inolvidables\",\"datePublished\":\"2026-04-29T22:00:00+00:00\",\"dateModified\":\"2026-04-30T18:06:17+00:00\",\"mainEntityOfPage\":{\"@id\":\"https:\/\/discoverdouro.pt\/es\/5-miradouros-es\"},\"wordCount\":537,\"publisher\":{\"@id\":\"https:\/\/discoverdouro.pt\/es#organization\"},\"image\":{\"@id\":\"https:\/\/discoverdouro.pt\/es\/5-miradouros-es#primaryimage\"},\"thumbnailUrl\":\"https:\/\/discoverdouro.pt\/wp-content\/uploads\/2026\/04\/es-100-1.jpg\",\"articleSection\":[\"Sin categorizar\"],\"inLanguage\":\"es\"},{\"@type\":\"WebPage\",\"@id\":\"https:\/\/discoverdouro.pt\/es\/5-miradouros-es\",\"url\":\"https:\/\/discoverdouro.pt\/es\/5-miradouros-es\",\"name\":\"5 Miradores en el Valle del Duero para Fotograf\u00edas Inolvidables - Discover Douro\",\"isPartOf\":{\"@id\":\"https:\/\/discoverdouro.pt\/es#website\"},\"primaryImageOfPage\":{\"@id\":\"https:\/\/discoverdouro.pt\/es\/5-miradouros-es#primaryimage\"},\"image\":{\"@id\":\"https:\/\/discoverdouro.pt\/es\/5-miradouros-es#primaryimage\"},\"thumbnailUrl\":\"https:\/\/discoverdouro.pt\/wp-content\/uploads\/2026\/04\/es-100-1.jpg\",\"datePublished\":\"2026-04-29T22:00:00+00:00\",\"dateModified\":\"2026-04-30T18:06:17+00:00\",\"breadcrumb\":{\"@id\":\"https:\/\/discoverdouro.pt\/es\/5-miradouros-es#breadcrumb\"},\"inLanguage\":\"es\",\"potentialAction\":[{\"@type\":\"ReadAction\",\"target\":[\"https:\/\/discoverdouro.pt\/es\/5-miradouros-es\"]}]},{\"@type\":\"ImageObject\",\"inLanguage\":\"es\",\"@id\":\"https:\/\/discoverdouro.pt\/es\/5-miradouros-es#primaryimage\",\"url\":\"https:\/\/discoverdouro.pt\/wp-content\/uploads\/2026\/04\/es-100-1.jpg\",\"contentUrl\":\"https:\/\/discoverdouro.pt\/wp-content\/uploads\/2026\/04\/es-100-1.jpg\",\"width\":1537,\"height\":864},{\"@type\":\"BreadcrumbList\",\"@id\":\"https:\/\/discoverdouro.pt\/es\/5-miradouros-es#breadcrumb\",\"itemListElement\":[{\"@type\":\"ListItem\",\"position\":1,\"name\":\"Home\",\"item\":\"https:\/\/discoverdouro.pt\/es\"},{\"@type\":\"ListItem\",\"position\":2,\"name\":\"5 Miradores en el Valle del Duero para Fotograf\u00edas Inolvidables\"}]},{\"@type\":\"WebSite\",\"@id\":\"https:\/\/discoverdouro.pt\/es#website\",\"url\":\"https:\/\/discoverdouro.pt\/es\",\"name\":\"Discover Douro\",\"description\":\"O Para\u00edso de Portugal\",\"publisher\":{\"@id\":\"https:\/\/discoverdouro.pt\/es#organization\"},\"potentialAction\":[{\"@type\":\"SearchAction\",\"target\":{\"@type\":\"EntryPoint\",\"urlTemplate\":\"https:\/\/discoverdouro.pt\/es?s={search_term_string}\"},\"query-input\":{\"@type\":\"PropertyValueSpecification\",\"valueRequired\":true,\"valueName\":\"search_term_string\"}}],\"inLanguage\":\"es\"},{\"@type\":\"Organization\",\"@id\":\"https:\/\/discoverdouro.pt\/es#organization\",\"name\":\"Discover Douro\",\"url\":\"https:\/\/discoverdouro.pt\/es\",\"logo\":{\"@type\":\"ImageObject\",\"inLanguage\":\"es\",\"@id\":\"https:\/\/discoverdouro.pt\/es#\/schema\/logo\/image\/\",\"url\":\"https:\/\/www.discoverdouro.pt\/wp-content\/uploads\/2024\/01\/cropped-Icon_Discover.png\",\"contentUrl\":\"https:\/\/www.discoverdouro.pt\/wp-content\/uploads\/2024\/01\/cropped-Icon_Discover.png\",\"width\":512,\"height\":512,\"caption\":\"Discover Douro\"},\"image\":{\"@id\":\"https:\/\/discoverdouro.pt\/es#\/schema\/logo\/image\/\"},\"sameAs\":[\"https:\/\/www.facebook.com\/profile.php?id=61555234744391\",\"https:\/\/x.com\/DiscoverDouro\",\"https:\/\/www.instagram.com\/discover.douro\",\"https:\/\/www.tiktok.com\/@discoverdouro\",\"https:\/\/www.linkedin.com\/company\/discover-douro\/\"]},{\"@type\":\"Person\",\"@id\":\"https:\/\/discoverdouro.pt\/es#\/schema\/person\/c21ed30cb87c862b2e3ba2e7ea2e0f77\",\"name\":\"Discover Douro\",\"image\":{\"@type\":\"ImageObject\",\"inLanguage\":\"es\",\"@id\":\"https:\/\/discoverdouro.pt\/es#\/schema\/person\/image\/\",\"url\":\"https:\/\/secure.gravatar.com\/avatar\/080a3d249c71dba3676a664f112b5db1887232610f6a24ec4423ba9c7f1e600d?s=96&d=mm&r=g\",\"contentUrl\":\"https:\/\/secure.gravatar.com\/avatar\/080a3d249c71dba3676a664f112b5db1887232610f6a24ec4423ba9c7f1e600d?s=96&d=mm&r=g\",\"caption\":\"Discover Douro\"}}]}<\/script>\n<!-- \/ Yoast SEO plugin. -->","yoast_head_json":{"title":"5 Miradores en el Valle del Duero para Fotograf\u00edas Inolvidables - Discover Douro","robots":{"index":"index","follow":"follow","max-snippet":"max-snippet:-1","max-image-preview":"max-image-preview:large","max-video-preview":"max-video-preview:-1"},"canonical":"https:\/\/discoverdouro.pt\/es\/5-miradouros-es","og_locale":"es_ES","og_type":"article","og_title":"5 Miradores en el Valle del Duero para Fotograf\u00edas Inolvidables - Discover Douro","og_description":"El Valle del Duero es, sin duda, una de las regiones m\u00e1s fotog\u00e9nicas del mundo. Con sus terrazas perfectamente dise\u00f1adas, el r\u00edo sereno y la luz dorada que ba\u00f1a el valle, no es de extra\u00f1ar que sea el para\u00edso para cualquier fot\u00f3grafo. Sin embargo, lugares famosos como el Mirador de S\u00e3o Leonardo de Galafura o [&hellip;]","og_url":"https:\/\/discoverdouro.pt\/es\/5-miradouros-es","og_site_name":"Discover Douro","article_publisher":"https:\/\/www.facebook.com\/profile.php?id=61555234744391","article_published_time":"2026-04-29T22:00:00+00:00","article_modified_time":"2026-04-30T18:06:17+00:00","og_image":[{"width":1537,"height":864,"url":"https:\/\/discoverdouro.pt\/wp-content\/uploads\/2026\/04\/es-100-1.jpg","type":"image\/jpeg"}],"author":"Discover Douro","twitter_card":"summary_large_image","twitter_creator":"@DiscoverDouro","twitter_site":"@DiscoverDouro","twitter_misc":{"Written by":"Discover Douro","Est. reading time":"3 minutes"},"schema":{"@context":"https:\/\/schema.org","@graph":[{"@type":"Article","@id":"https:\/\/discoverdouro.pt\/es\/5-miradouros-es#article","isPartOf":{"@id":"https:\/\/discoverdouro.pt\/es\/5-miradouros-es"},"author":{"name":"Discover Douro","@id":"https:\/\/discoverdouro.pt\/es#\/schema\/person\/c21ed30cb87c862b2e3ba2e7ea2e0f77"},"headline":"5 Miradores en el Valle del Duero para Fotograf\u00edas Inolvidables","datePublished":"2026-04-29T22:00:00+00:00","dateModified":"2026-04-30T18:06:17+00:00","mainEntityOfPage":{"@id":"https:\/\/discoverdouro.pt\/es\/5-miradouros-es"},"wordCount":537,"publisher":{"@id":"https:\/\/discoverdouro.pt\/es#organization"},"image":{"@id":"https:\/\/discoverdouro.pt\/es\/5-miradouros-es#primaryimage"},"thumbnailUrl":"https:\/\/discoverdouro.pt\/wp-content\/uploads\/2026\/04\/es-100-1.jpg","articleSection":["Sin categorizar"],"inLanguage":"es"},{"@type":"WebPage","@id":"https:\/\/discoverdouro.pt\/es\/5-miradouros-es","url":"https:\/\/discoverdouro.pt\/es\/5-miradouros-es","name":"5 Miradores en el Valle del Duero para Fotograf\u00edas Inolvidables - Discover Douro","isPartOf":{"@id":"https:\/\/discoverdouro.pt\/es#website"},"primaryImageOfPage":{"@id":"https:\/\/discoverdouro.pt\/es\/5-miradouros-es#primaryimage"},"image":{"@id":"https:\/\/discoverdouro.pt\/es\/5-miradouros-es#primaryimage"},"thumbnailUrl":"https:\/\/discoverdouro.pt\/wp-content\/uploads\/2026\/04\/es-100-1.jpg","datePublished":"2026-04-29T22:00:00+00:00","dateModified":"2026-04-30T18:06:17+00:00","breadcrumb":{"@id":"https:\/\/discoverdouro.pt\/es\/5-miradouros-es#breadcrumb"},"inLanguage":"es","potentialAction":[{"@type":"ReadAction","target":["https:\/\/discoverdouro.pt\/es\/5-miradouros-es"]}]},{"@type":"ImageObject","inLanguage":"es","@id":"https:\/\/discoverdouro.pt\/es\/5-miradouros-es#primaryimage","url":"https:\/\/discoverdouro.pt\/wp-content\/uploads\/2026\/04\/es-100-1.jpg","contentUrl":"https:\/\/discoverdouro.pt\/wp-content\/uploads\/2026\/04\/es-100-1.jpg","width":1537,"height":864},{"@type":"BreadcrumbList","@id":"https:\/\/discoverdouro.pt\/es\/5-miradouros-es#breadcrumb","itemListElement":[{"@type":"ListItem","position":1,"name":"Home","item":"https:\/\/discoverdouro.pt\/es"},{"@type":"ListItem","position":2,"name":"5 Miradores en el Valle del Duero para Fotograf\u00edas Inolvidables"}]},{"@type":"WebSite","@id":"https:\/\/discoverdouro.pt\/es#website","url":"https:\/\/discoverdouro.pt\/es","name":"Discover Douro","description":"O Para\u00edso de Portugal","publisher":{"@id":"https:\/\/discoverdouro.pt\/es#organization"},"potentialAction":[{"@type":"SearchAction","target":{"@type":"EntryPoint","urlTemplate":"https:\/\/discoverdouro.pt\/es?s={search_term_string}"},"query-input":{"@type":"PropertyValueSpecification","valueRequired":true,"valueName":"search_term_string"}}],"inLanguage":"es"},{"@type":"Organization","@id":"https:\/\/discoverdouro.pt\/es#organization","name":"Discover Douro","url":"https:\/\/discoverdouro.pt\/es","logo":{"@type":"ImageObject","inLanguage":"es","@id":"https:\/\/discoverdouro.pt\/es#\/schema\/logo\/image\/","url":"https:\/\/www.discoverdouro.pt\/wp-content\/uploads\/2024\/01\/cropped-Icon_Discover.png","contentUrl":"https:\/\/www.discoverdouro.pt\/wp-content\/uploads\/2024\/01\/cropped-Icon_Discover.png","width":512,"height":512,"caption":"Discover Douro"},"image":{"@id":"https:\/\/discoverdouro.pt\/es#\/schema\/logo\/image\/"},"sameAs":["https:\/\/www.facebook.com\/profile.php?id=61555234744391","https:\/\/x.com\/DiscoverDouro","https:\/\/www.instagram.com\/discover.douro","https:\/\/www.tiktok.com\/@discoverdouro","https:\/\/www.linkedin.com\/company\/discover-douro\/"]},{"@type":"Person","@id":"https:\/\/discoverdouro.pt\/es#\/schema\/person\/c21ed30cb87c862b2e3ba2e7ea2e0f77","name":"Discover Douro","image":{"@type":"ImageObject","inLanguage":"es","@id":"https:\/\/discoverdouro.pt\/es#\/schema\/person\/image\/","url":"https:\/\/secure.gravatar.com\/avatar\/080a3d249c71dba3676a664f112b5db1887232610f6a24ec4423ba9c7f1e600d?s=96&d=mm&r=g","contentUrl":"https:\/\/secure.gravatar.com\/avatar\/080a3d249c71dba3676a664f112b5db1887232610f6a24ec4423ba9c7f1e600d?s=96&d=mm&r=g","caption":"Discover Douro"}}]}},"_links":{"self":[{"href":"https:\/\/discoverdouro.pt\/es\/wp-json\/wp\/v2\/posts\/81128","targetHints":{"allow":["GET"]}}],"collection":[{"href":"https:\/\/discoverdouro.pt\/es\/wp-json\/wp\/v2\/posts"}],"about":[{"href":"https:\/\/discoverdouro.pt\/es\/wp-json\/wp\/v2\/types\/post"}],"author":[{"embeddable":true,"href":"https:\/\/discoverdouro.pt\/es\/wp-json\/wp\/v2\/users\/56"}],"replies":[{"embeddable":true,"href":"https:\/\/discoverdouro.pt\/es\/wp-json\/wp\/v2\/comments?post=81128"}],"version-history":[{"count":1,"href":"https:\/\/discoverdouro.pt\/es\/wp-json\/wp\/v2\/posts\/81128\/revisions"}],"predecessor-version":[{"id":81145,"href":"https:\/\/discoverdouro.pt\/es\/wp-json\/wp\/v2\/posts\/81128\/revisions\/81145"}],"wp:featuredmedia":[{"embeddable":true,"href":"https:\/\/discoverdouro.pt\/es\/wp-json\/wp\/v2\/media\/81141"}],"wp:attachment":[{"href":"https:\/\/discoverdouro.pt\/es\/wp-json\/wp\/v2\/media?parent=81128"}],"wp:term":[{"taxonomy":"category","embeddable":true,"href":"https:\/\/discoverdouro.pt\/es\/wp-json\/wp\/v2\/categories?post=81128"},{"taxonomy":"post_tag","embeddable":true,"href":"https:\/\/discoverdouro.pt\/es\/wp-json\/wp\/v2\/tags?post=81128"}],"curies":[{"name":"wp","href":"https:\/\/api.w.org\/{rel}","templated":true}]}}