{"id":39091,"date":"2023-11-04T17:29:25","date_gmt":"2023-11-04T17:29:25","guid":{"rendered":"https:\/\/discoverdouro.pt\/noticias\/le-douro-est-la-ville-europeenne-du-vin-en-2023"},"modified":"2023-12-28T14:29:20","modified_gmt":"2023-12-28T14:29:20","slug":"le-douro-est-la-ville-europeenne-du-vin-en-2023","status":"publish","type":"post","link":"https:\/\/discoverdouro.pt\/fr\/le-douro-est-la-ville-europeenne-du-vin-en-2023","title":{"rendered":"Le Douro est la ville europ\u00e9enne du vin en 2023"},"content":{"rendered":"<p>CE PRIX EST L&#8217;UN DES PLUS IMPORTANTS DE L&#8217;HISTOIRE DE LA R\u00c9GION. CIMDOURO ORGANISE DE NOMBREUSES INITIATIVES POUR MONTRER L&#8217;OR A L&#8217;EUROPE depuis le d\u00e9but de l&#8217;ann\u00e9e<\/p>\n<p><\/p>\n<p>Le 15 juin, \u00e0 Bruxelles, en Belgique, le Douro a \u00e9t\u00e9 d\u00e9sign\u00e9 &#8220;Ville europ\u00e9enne du vin 2023&#8221;. Le site du patrimoine mondial du Douro devient ainsi une r\u00e9f\u00e9rence europ\u00e9enne en mati\u00e8re de vin, de vignobles, de culture et de c\u00e9l\u00e9bration harmonieuse de la nature et du travail s\u00e9culaire effectu\u00e9 par des g\u00e9n\u00e9rations d&#8217;habitants du Douro.<\/p>\n<p><\/p>\n<p>&#8220;Tout autour du vin, tout autour du Douro&#8221; est la devise de la candidature du Douro \u00e0 la Cit\u00e9 europ\u00e9enne du vin 2023, que la r\u00e9gion utilisera comme un desideratum primordial pour garantir le pr\u00e9sent et l&#8217;avenir de notre territoire.<\/p>\n<p>Le gala de pr\u00e9sentation de la Cit\u00e9 europ\u00e9enne du vin du Douro a eu lieu le 4 f\u00e9vrier au Multiusos de Lamego.<\/p>\n<p>Consid\u00e9r\u00e9 comme l&#8217;un des plus grands d\u00e9fis collectifs que le Douro ait jamais relev\u00e9 dans son histoire, mat\u00e9rialisant le d\u00e9sir et le battement de c\u0153ur de toute une r\u00e9gion, ce projet refl\u00e8te \u00e9galement la volont\u00e9 d&#8217;un territoire qui est, selon Miguel Torga, &#8220;la r\u00e9alit\u00e9 la plus s\u00e9rieuse que nous ayons&#8221; au Portugal.<\/p>\n<p><\/p>\n<p>Avec cette distinction de Ville europ\u00e9enne du vin 2023, le Douro nourrit le souhait l\u00e9gitime que la r\u00e9gion soit un contributeur majeur aux exportations nationales, faisant du vin et de la vigne un levier r\u00e9el et concret pour le d\u00e9veloppement de son \u00e9conomie et la richesse de ceux qui y vivent et y travaillent.<\/p>\n<p><\/p>\n<p>L&#8217;objectif est que la zone v\u00e9hicule, repr\u00e9sente et soit une marque \u00e9conomique, sociale et culturelle reconnue, un exemple d&#8217;interaction harmonieuse entre l&#8217;homme et la nature. L&#8217;essence de ce projet est l&#8217;esprit authentique et solidaire du Douro, la plus ancienne r\u00e9gion viticole d\u00e9limit\u00e9e et r\u00e9glement\u00e9e au monde.<\/p>\n<p><\/p>\n<p>Les 19 maires de CIMDOURO sont pr\u00eats \u00e0 relever le d\u00e9fi de la &#8220;Cit\u00e9 europ\u00e9enne du vin du Douro 2023&#8221;, en collaboration avec les organisations locales et r\u00e9gionales et quelque 22 000 producteurs, afin de r\u00e9pondre \u00e0 l&#8217;urgence de la valorisation du produit et de la construction d&#8217;une r\u00e9gion \u00e9quilibr\u00e9e et durable.<\/p>\n<p><\/p>\n<p>Ouvrir le Douro au monde est un autre de nos objectifs. Pendant des d\u00e9cennies, la r\u00e9gion du Douro a \u00e9t\u00e9 centr\u00e9e uniquement sur la production de vin. Aujourd&#8217;hui, le Douro, territoire aux paysages charismatiques, \u00e0 l&#8217;\u00e2me et \u00e0 l&#8217;attitude, avec son agr\u00e9able rivi\u00e8re navigable, a l&#8217;ambition l\u00e9gitime de faire venir le monde au Douro. Et c&#8217;est cette d\u00e9couverte du Douro, cette exp\u00e9rience du Douro in situ qui g\u00e9n\u00e9rera une valeur ajout\u00e9e pour ce que nous produisons, pour ce que nous cr\u00e9ons ici, pour notre vin, pour nos vignobles, pour nos gens.<\/p>\n<p><\/p>\n<p>C&#8217;est l&#8217;occasion pour nous de promouvoir l&#8217;\u0153notourisme, la culture et le patrimoine et d&#8217;\u00eatre en mesure d&#8217;accueillir les visiteurs de mani\u00e8re ad\u00e9quate et compl\u00e8te, en mettant en avant le vin en tant qu&#8217;\u00e9l\u00e9ment strat\u00e9gique et essence de notre activit\u00e9 \u00e9conomique.<\/p>\n<p><\/p>\n<p>Compte tenu de l&#8217;ampleur de ce projet et de l&#8217;implication de toutes ses municipalit\u00e9s, \u00e0 partir du 1er janvier 2023, elles adopteront toutes la m\u00eame image dans leur communication avec l&#8217;ext\u00e9rieur, elles &#8220;porteront&#8221; toutes le m\u00eame maillot du Douro, celui du vin, du paysage, de la culture et du patrimoine.<\/p>\n","protected":false},"excerpt":{"rendered":"<p>Le 15 juin, \u00e0 Bruxelles, en Belgique, le Douro a \u00e9t\u00e9 d\u00e9sign\u00e9 &#8220;Ville europ\u00e9enne du vin 2023&#8221;. Le site du patrimoine mondial du Douro devient ainsi une r\u00e9f\u00e9rence europ\u00e9enne en mati\u00e8re de vin, de vignobles, de culture et de c\u00e9l\u00e9bration harmonieuse de la nature et du travail s\u00e9culaire effectu\u00e9 par des g\u00e9n\u00e9rations d&#8217;habitants du Douro.<\/p>\n","protected":false},"author":34,"featured_media":57039,"comment_status":"open","ping_status":"open","sticky":false,"template":"","format":"standard","meta":{"footnotes":""},"categories":[136],"tags":[],"class_list":["post-39091","post","type-post","status-publish","format-standard","has-post-thumbnail","hentry","category-non-classifiee"],"acf":[],"yoast_head":"<!-- This site is optimized with the Yoast SEO plugin v26.2 - https:\/\/yoast.com\/wordpress\/plugins\/seo\/ -->\n<title>Le Douro est la ville europ\u00e9enne du vin en 2023 - Discover Douro<\/title>\n<meta name=\"robots\" content=\"index, follow, max-snippet:-1, max-image-preview:large, max-video-preview:-1\" \/>\n<link rel=\"canonical\" href=\"https:\/\/discoverdouro.pt\/fr\/le-douro-est-la-ville-europeenne-du-vin-en-2023\" \/>\n<meta property=\"og:locale\" content=\"fr_FR\" \/>\n<meta property=\"og:type\" content=\"article\" \/>\n<meta property=\"og:title\" content=\"Le Douro est la ville europ\u00e9enne du vin en 2023 - Discover Douro\" \/>\n<meta property=\"og:description\" content=\"Le 15 juin, \u00e0 Bruxelles, en Belgique, le Douro a \u00e9t\u00e9 d\u00e9sign\u00e9 &quot;Ville europ\u00e9enne du vin 2023&quot;. Le site du patrimoine mondial du Douro devient ainsi une r\u00e9f\u00e9rence europ\u00e9enne en mati\u00e8re de vin, de vignobles, de culture et de c\u00e9l\u00e9bration harmonieuse de la nature et du travail s\u00e9culaire effectu\u00e9 par des g\u00e9n\u00e9rations d&#039;habitants du Douro.\" \/>\n<meta property=\"og:url\" content=\"https:\/\/discoverdouro.pt\/fr\/le-douro-est-la-ville-europeenne-du-vin-en-2023\" \/>\n<meta property=\"og:site_name\" content=\"Discover Douro\" \/>\n<meta property=\"article:publisher\" content=\"https:\/\/www.facebook.com\/profile.php?id=61555234744391\" \/>\n<meta property=\"article:published_time\" content=\"2023-11-04T17:29:25+00:00\" \/>\n<meta property=\"article:modified_time\" content=\"2023-12-28T14:29:20+00:00\" \/>\n<meta property=\"og:image\" content=\"https:\/\/discoverdouro.pt\/wp-content\/uploads\/2024\/05\/664227f4cf72ef7b10ac9133-1024x575.\" \/>\n\t<meta property=\"og:image:width\" content=\"1024\" \/>\n\t<meta property=\"og:image:height\" content=\"575\" \/>\n\t<meta property=\"og:image:type\" content=\"image\/png\" \/>\n<meta name=\"author\" content=\"Rui Manuel\" \/>\n<meta name=\"twitter:card\" content=\"summary_large_image\" \/>\n<meta name=\"twitter:creator\" content=\"@DiscoverDouro\" \/>\n<meta name=\"twitter:site\" content=\"@DiscoverDouro\" \/>\n<meta name=\"twitter:label1\" content=\"Written by\" \/>\n\t<meta name=\"twitter:data1\" content=\"Rui Manuel\" \/>\n\t<meta name=\"twitter:label2\" content=\"Est. reading time\" \/>\n\t<meta name=\"twitter:data2\" content=\"3 minutes\" \/>\n<script type=\"application\/ld+json\" class=\"yoast-schema-graph\">{\"@context\":\"https:\/\/schema.org\",\"@graph\":[{\"@type\":\"Article\",\"@id\":\"https:\/\/discoverdouro.pt\/fr\/le-douro-est-la-ville-europeenne-du-vin-en-2023#article\",\"isPartOf\":{\"@id\":\"https:\/\/discoverdouro.pt\/fr\/le-douro-est-la-ville-europeenne-du-vin-en-2023\"},\"author\":{\"name\":\"Rui Manuel\",\"@id\":\"https:\/\/discoverdouro.pt\/fr#\/schema\/person\/65707aa95bad001fb9a6281d98cb9e2c\"},\"headline\":\"Le Douro est la ville europ\u00e9enne du vin en 2023\",\"datePublished\":\"2023-11-04T17:29:25+00:00\",\"dateModified\":\"2023-12-28T14:29:20+00:00\",\"mainEntityOfPage\":{\"@id\":\"https:\/\/discoverdouro.pt\/fr\/le-douro-est-la-ville-europeenne-du-vin-en-2023\"},\"wordCount\":595,\"commentCount\":0,\"publisher\":{\"@id\":\"https:\/\/discoverdouro.pt\/fr#organization\"},\"image\":{\"@id\":\"https:\/\/discoverdouro.pt\/fr\/le-douro-est-la-ville-europeenne-du-vin-en-2023#primaryimage\"},\"thumbnailUrl\":\"https:\/\/discoverdouro.pt\/wp-content\/uploads\/2024\/05\/664227f4cf72ef7b10ac9133\",\"articleSection\":[\"Non classifi\u00e9(e)\"],\"inLanguage\":\"fr\",\"potentialAction\":[{\"@type\":\"CommentAction\",\"name\":\"Comment\",\"target\":[\"https:\/\/discoverdouro.pt\/fr\/le-douro-est-la-ville-europeenne-du-vin-en-2023#respond\"]}]},{\"@type\":\"WebPage\",\"@id\":\"https:\/\/discoverdouro.pt\/fr\/le-douro-est-la-ville-europeenne-du-vin-en-2023\",\"url\":\"https:\/\/discoverdouro.pt\/fr\/le-douro-est-la-ville-europeenne-du-vin-en-2023\",\"name\":\"Le Douro est la ville europ\u00e9enne du vin en 2023 - Discover Douro\",\"isPartOf\":{\"@id\":\"https:\/\/discoverdouro.pt\/fr#website\"},\"primaryImageOfPage\":{\"@id\":\"https:\/\/discoverdouro.pt\/fr\/le-douro-est-la-ville-europeenne-du-vin-en-2023#primaryimage\"},\"image\":{\"@id\":\"https:\/\/discoverdouro.pt\/fr\/le-douro-est-la-ville-europeenne-du-vin-en-2023#primaryimage\"},\"thumbnailUrl\":\"https:\/\/discoverdouro.pt\/wp-content\/uploads\/2024\/05\/664227f4cf72ef7b10ac9133\",\"datePublished\":\"2023-11-04T17:29:25+00:00\",\"dateModified\":\"2023-12-28T14:29:20+00:00\",\"breadcrumb\":{\"@id\":\"https:\/\/discoverdouro.pt\/fr\/le-douro-est-la-ville-europeenne-du-vin-en-2023#breadcrumb\"},\"inLanguage\":\"fr\",\"potentialAction\":[{\"@type\":\"ReadAction\",\"target\":[\"https:\/\/discoverdouro.pt\/fr\/le-douro-est-la-ville-europeenne-du-vin-en-2023\"]}]},{\"@type\":\"ImageObject\",\"inLanguage\":\"fr\",\"@id\":\"https:\/\/discoverdouro.pt\/fr\/le-douro-est-la-ville-europeenne-du-vin-en-2023#primaryimage\",\"url\":\"https:\/\/discoverdouro.pt\/wp-content\/uploads\/2024\/05\/664227f4cf72ef7b10ac9133\",\"contentUrl\":\"https:\/\/discoverdouro.pt\/wp-content\/uploads\/2024\/05\/664227f4cf72ef7b10ac9133\",\"width\":3840,\"height\":2158},{\"@type\":\"BreadcrumbList\",\"@id\":\"https:\/\/discoverdouro.pt\/fr\/le-douro-est-la-ville-europeenne-du-vin-en-2023#breadcrumb\",\"itemListElement\":[{\"@type\":\"ListItem\",\"position\":1,\"name\":\"Home\",\"item\":\"https:\/\/discoverdouro.pt\/fr\"},{\"@type\":\"ListItem\",\"position\":2,\"name\":\"Le Douro est la ville europ\u00e9enne du vin en 2023\"}]},{\"@type\":\"WebSite\",\"@id\":\"https:\/\/discoverdouro.pt\/fr#website\",\"url\":\"https:\/\/discoverdouro.pt\/fr\",\"name\":\"Discover Douro\",\"description\":\"O Para\u00edso de Portugal\",\"publisher\":{\"@id\":\"https:\/\/discoverdouro.pt\/fr#organization\"},\"potentialAction\":[{\"@type\":\"SearchAction\",\"target\":{\"@type\":\"EntryPoint\",\"urlTemplate\":\"https:\/\/discoverdouro.pt\/fr?s={search_term_string}\"},\"query-input\":{\"@type\":\"PropertyValueSpecification\",\"valueRequired\":true,\"valueName\":\"search_term_string\"}}],\"inLanguage\":\"fr\"},{\"@type\":\"Organization\",\"@id\":\"https:\/\/discoverdouro.pt\/fr#organization\",\"name\":\"Discover Douro\",\"url\":\"https:\/\/discoverdouro.pt\/fr\",\"logo\":{\"@type\":\"ImageObject\",\"inLanguage\":\"fr\",\"@id\":\"https:\/\/discoverdouro.pt\/fr#\/schema\/logo\/image\/\",\"url\":\"https:\/\/www.discoverdouro.pt\/wp-content\/uploads\/2024\/01\/cropped-Icon_Discover.png\",\"contentUrl\":\"https:\/\/www.discoverdouro.pt\/wp-content\/uploads\/2024\/01\/cropped-Icon_Discover.png\",\"width\":512,\"height\":512,\"caption\":\"Discover Douro\"},\"image\":{\"@id\":\"https:\/\/discoverdouro.pt\/fr#\/schema\/logo\/image\/\"},\"sameAs\":[\"https:\/\/www.facebook.com\/profile.php?id=61555234744391\",\"https:\/\/x.com\/DiscoverDouro\",\"https:\/\/www.instagram.com\/discover.douro\",\"https:\/\/www.tiktok.com\/@discoverdouro\",\"https:\/\/www.linkedin.com\/company\/discover-douro\/\"]},{\"@type\":\"Person\",\"@id\":\"https:\/\/discoverdouro.pt\/fr#\/schema\/person\/65707aa95bad001fb9a6281d98cb9e2c\",\"name\":\"Rui Manuel\",\"image\":{\"@type\":\"ImageObject\",\"inLanguage\":\"fr\",\"@id\":\"https:\/\/discoverdouro.pt\/fr#\/schema\/person\/image\/\",\"url\":\"https:\/\/secure.gravatar.com\/avatar\/4c0caed589a90f3919101d4375eff5b01ae58644ad78dc81d6dfbce0253ade47?s=96&d=mm&r=g\",\"contentUrl\":\"https:\/\/secure.gravatar.com\/avatar\/4c0caed589a90f3919101d4375eff5b01ae58644ad78dc81d6dfbce0253ade47?s=96&d=mm&r=g\",\"caption\":\"Rui Manuel\"},\"sameAs\":[\"https:\/\/brand22creativeagency.com\/\"]}]}<\/script>\n<!-- \/ Yoast SEO plugin. -->","yoast_head_json":{"title":"Le Douro est la ville europ\u00e9enne du vin en 2023 - Discover Douro","robots":{"index":"index","follow":"follow","max-snippet":"max-snippet:-1","max-image-preview":"max-image-preview:large","max-video-preview":"max-video-preview:-1"},"canonical":"https:\/\/discoverdouro.pt\/fr\/le-douro-est-la-ville-europeenne-du-vin-en-2023","og_locale":"fr_FR","og_type":"article","og_title":"Le Douro est la ville europ\u00e9enne du vin en 2023 - Discover Douro","og_description":"Le 15 juin, \u00e0 Bruxelles, en Belgique, le Douro a \u00e9t\u00e9 d\u00e9sign\u00e9 \"Ville europ\u00e9enne du vin 2023\". Le site du patrimoine mondial du Douro devient ainsi une r\u00e9f\u00e9rence europ\u00e9enne en mati\u00e8re de vin, de vignobles, de culture et de c\u00e9l\u00e9bration harmonieuse de la nature et du travail s\u00e9culaire effectu\u00e9 par des g\u00e9n\u00e9rations d'habitants du Douro.","og_url":"https:\/\/discoverdouro.pt\/fr\/le-douro-est-la-ville-europeenne-du-vin-en-2023","og_site_name":"Discover Douro","article_publisher":"https:\/\/www.facebook.com\/profile.php?id=61555234744391","article_published_time":"2023-11-04T17:29:25+00:00","article_modified_time":"2023-12-28T14:29:20+00:00","og_image":[{"width":1024,"height":575,"url":"https:\/\/discoverdouro.pt\/wp-content\/uploads\/2024\/05\/664227f4cf72ef7b10ac9133-1024x575.","type":"image\/png"}],"author":"Rui Manuel","twitter_card":"summary_large_image","twitter_creator":"@DiscoverDouro","twitter_site":"@DiscoverDouro","twitter_misc":{"Written by":"Rui Manuel","Est. reading time":"3 minutes"},"schema":{"@context":"https:\/\/schema.org","@graph":[{"@type":"Article","@id":"https:\/\/discoverdouro.pt\/fr\/le-douro-est-la-ville-europeenne-du-vin-en-2023#article","isPartOf":{"@id":"https:\/\/discoverdouro.pt\/fr\/le-douro-est-la-ville-europeenne-du-vin-en-2023"},"author":{"name":"Rui Manuel","@id":"https:\/\/discoverdouro.pt\/fr#\/schema\/person\/65707aa95bad001fb9a6281d98cb9e2c"},"headline":"Le Douro est la ville europ\u00e9enne du vin en 2023","datePublished":"2023-11-04T17:29:25+00:00","dateModified":"2023-12-28T14:29:20+00:00","mainEntityOfPage":{"@id":"https:\/\/discoverdouro.pt\/fr\/le-douro-est-la-ville-europeenne-du-vin-en-2023"},"wordCount":595,"commentCount":0,"publisher":{"@id":"https:\/\/discoverdouro.pt\/fr#organization"},"image":{"@id":"https:\/\/discoverdouro.pt\/fr\/le-douro-est-la-ville-europeenne-du-vin-en-2023#primaryimage"},"thumbnailUrl":"https:\/\/discoverdouro.pt\/wp-content\/uploads\/2024\/05\/664227f4cf72ef7b10ac9133","articleSection":["Non classifi\u00e9(e)"],"inLanguage":"fr","potentialAction":[{"@type":"CommentAction","name":"Comment","target":["https:\/\/discoverdouro.pt\/fr\/le-douro-est-la-ville-europeenne-du-vin-en-2023#respond"]}]},{"@type":"WebPage","@id":"https:\/\/discoverdouro.pt\/fr\/le-douro-est-la-ville-europeenne-du-vin-en-2023","url":"https:\/\/discoverdouro.pt\/fr\/le-douro-est-la-ville-europeenne-du-vin-en-2023","name":"Le Douro est la ville europ\u00e9enne du vin en 2023 - Discover Douro","isPartOf":{"@id":"https:\/\/discoverdouro.pt\/fr#website"},"primaryImageOfPage":{"@id":"https:\/\/discoverdouro.pt\/fr\/le-douro-est-la-ville-europeenne-du-vin-en-2023#primaryimage"},"image":{"@id":"https:\/\/discoverdouro.pt\/fr\/le-douro-est-la-ville-europeenne-du-vin-en-2023#primaryimage"},"thumbnailUrl":"https:\/\/discoverdouro.pt\/wp-content\/uploads\/2024\/05\/664227f4cf72ef7b10ac9133","datePublished":"2023-11-04T17:29:25+00:00","dateModified":"2023-12-28T14:29:20+00:00","breadcrumb":{"@id":"https:\/\/discoverdouro.pt\/fr\/le-douro-est-la-ville-europeenne-du-vin-en-2023#breadcrumb"},"inLanguage":"fr","potentialAction":[{"@type":"ReadAction","target":["https:\/\/discoverdouro.pt\/fr\/le-douro-est-la-ville-europeenne-du-vin-en-2023"]}]},{"@type":"ImageObject","inLanguage":"fr","@id":"https:\/\/discoverdouro.pt\/fr\/le-douro-est-la-ville-europeenne-du-vin-en-2023#primaryimage","url":"https:\/\/discoverdouro.pt\/wp-content\/uploads\/2024\/05\/664227f4cf72ef7b10ac9133","contentUrl":"https:\/\/discoverdouro.pt\/wp-content\/uploads\/2024\/05\/664227f4cf72ef7b10ac9133","width":3840,"height":2158},{"@type":"BreadcrumbList","@id":"https:\/\/discoverdouro.pt\/fr\/le-douro-est-la-ville-europeenne-du-vin-en-2023#breadcrumb","itemListElement":[{"@type":"ListItem","position":1,"name":"Home","item":"https:\/\/discoverdouro.pt\/fr"},{"@type":"ListItem","position":2,"name":"Le Douro est la ville europ\u00e9enne du vin en 2023"}]},{"@type":"WebSite","@id":"https:\/\/discoverdouro.pt\/fr#website","url":"https:\/\/discoverdouro.pt\/fr","name":"Discover Douro","description":"O Para\u00edso de Portugal","publisher":{"@id":"https:\/\/discoverdouro.pt\/fr#organization"},"potentialAction":[{"@type":"SearchAction","target":{"@type":"EntryPoint","urlTemplate":"https:\/\/discoverdouro.pt\/fr?s={search_term_string}"},"query-input":{"@type":"PropertyValueSpecification","valueRequired":true,"valueName":"search_term_string"}}],"inLanguage":"fr"},{"@type":"Organization","@id":"https:\/\/discoverdouro.pt\/fr#organization","name":"Discover Douro","url":"https:\/\/discoverdouro.pt\/fr","logo":{"@type":"ImageObject","inLanguage":"fr","@id":"https:\/\/discoverdouro.pt\/fr#\/schema\/logo\/image\/","url":"https:\/\/www.discoverdouro.pt\/wp-content\/uploads\/2024\/01\/cropped-Icon_Discover.png","contentUrl":"https:\/\/www.discoverdouro.pt\/wp-content\/uploads\/2024\/01\/cropped-Icon_Discover.png","width":512,"height":512,"caption":"Discover Douro"},"image":{"@id":"https:\/\/discoverdouro.pt\/fr#\/schema\/logo\/image\/"},"sameAs":["https:\/\/www.facebook.com\/profile.php?id=61555234744391","https:\/\/x.com\/DiscoverDouro","https:\/\/www.instagram.com\/discover.douro","https:\/\/www.tiktok.com\/@discoverdouro","https:\/\/www.linkedin.com\/company\/discover-douro\/"]},{"@type":"Person","@id":"https:\/\/discoverdouro.pt\/fr#\/schema\/person\/65707aa95bad001fb9a6281d98cb9e2c","name":"Rui Manuel","image":{"@type":"ImageObject","inLanguage":"fr","@id":"https:\/\/discoverdouro.pt\/fr#\/schema\/person\/image\/","url":"https:\/\/secure.gravatar.com\/avatar\/4c0caed589a90f3919101d4375eff5b01ae58644ad78dc81d6dfbce0253ade47?s=96&d=mm&r=g","contentUrl":"https:\/\/secure.gravatar.com\/avatar\/4c0caed589a90f3919101d4375eff5b01ae58644ad78dc81d6dfbce0253ade47?s=96&d=mm&r=g","caption":"Rui Manuel"},"sameAs":["https:\/\/brand22creativeagency.com\/"]}]}},"_links":{"self":[{"href":"https:\/\/discoverdouro.pt\/fr\/wp-json\/wp\/v2\/posts\/39091","targetHints":{"allow":["GET"]}}],"collection":[{"href":"https:\/\/discoverdouro.pt\/fr\/wp-json\/wp\/v2\/posts"}],"about":[{"href":"https:\/\/discoverdouro.pt\/fr\/wp-json\/wp\/v2\/types\/post"}],"author":[{"embeddable":true,"href":"https:\/\/discoverdouro.pt\/fr\/wp-json\/wp\/v2\/users\/34"}],"replies":[{"embeddable":true,"href":"https:\/\/discoverdouro.pt\/fr\/wp-json\/wp\/v2\/comments?post=39091"}],"version-history":[{"count":1,"href":"https:\/\/discoverdouro.pt\/fr\/wp-json\/wp\/v2\/posts\/39091\/revisions"}],"predecessor-version":[{"id":43398,"href":"https:\/\/discoverdouro.pt\/fr\/wp-json\/wp\/v2\/posts\/39091\/revisions\/43398"}],"wp:featuredmedia":[{"embeddable":true,"href":"https:\/\/discoverdouro.pt\/fr\/wp-json\/wp\/v2\/media\/57039"}],"wp:attachment":[{"href":"https:\/\/discoverdouro.pt\/fr\/wp-json\/wp\/v2\/media?parent=39091"}],"wp:term":[{"taxonomy":"category","embeddable":true,"href":"https:\/\/discoverdouro.pt\/fr\/wp-json\/wp\/v2\/categories?post=39091"},{"taxonomy":"post_tag","embeddable":true,"href":"https:\/\/discoverdouro.pt\/fr\/wp-json\/wp\/v2\/tags?post=39091"}],"curies":[{"name":"wp","href":"https:\/\/api.w.org\/{rel}","templated":true}]}}