{"id":80233,"date":"2024-05-26T23:00:00","date_gmt":"2024-05-26T22:00:00","guid":{"rendered":"https:\/\/www.discoverdouro.pt\/o-que-ver-em-alijo-fr"},"modified":"2024-05-26T23:00:00","modified_gmt":"2024-05-26T23:00:00","slug":"o-que-ver-em-alijo-fr","status":"publish","type":"post","link":"https:\/\/discoverdouro.pt\/fr\/o-que-ver-em-alijo-fr","title":{"rendered":"Que voir \u00e0 Alij\u00f3?"},"content":{"rendered":"<p>Nous commen\u00e7ons ce voyage \u00e0 Alij\u00f3, une commune m\u00e9connue qui fut un jour surnomm\u00e9e l&#8217;ambassadrice portugaise de la production de vin.<\/p>\n<p>Dans cet article, nous partageons avec les plus curieux ce que vous pouvez visiter et faire dans cette municipalit\u00e9.<\/p>\n<p><\/p>\n<p>Points de vue:<\/p>\n<p>Cette ville vous invite \u00e0 visiter ses diff\u00e9rents points de vue.<\/p>\n<p><\/p>\n<p>-Point de vue de Ujo:<\/p>\n<p>C&#8217;est le point de r\u00e9f\u00e9rence pour contempler la vall\u00e9e de Tua. Comme une invitation au ciel, l&#8217;architecture est con\u00e7ue pour vous envelopper dans la nature. De jour comme de nuit, le charme op\u00e8re.<\/p>\n<p><\/p>\n<p>-Point de vue de Santa Marinha:<\/p>\n<p>En visitant ce point de vue, vous pourrez respirer profond\u00e9ment et vous \u00e9merveiller devant tant de beaut\u00e9. Entre les tons verts, les terrasses de vignes et la vall\u00e9e du fleuve Douro, vous ne laisserez personne indiff\u00e9rent. Vous pourrez \u00e9galement apercevoir le village de Tua.<\/p>\n<p><\/p>\n<p>-Point de vue Casal de Loivos:<\/p>\n<p>Pr\u00e9parez-vous \u00e0 une peinture exquise ! Le meilleur des deux mondes, ici vous pouvez voir la vall\u00e9e du Douro et le Pinh\u00e3o. Imaginez-vous au sommet de ce point de vue et sentez-vous en harmonie avec la nature.<\/p>\n<p><\/p>\n<p>-Point de vue de Nossa Senhora da Piedade:<\/p>\n<p>Situ\u00e9 \u00e0 Sanfins do Douro, ville caract\u00e9ris\u00e9e par ses grandes croyances religieuses, le Miradouro da N\u00aa Sr\u00aa da Piedade se trouve dans le sanctuaire qui lui a donn\u00e9 son nom. L&#8217;escalier en pierre sculpt\u00e9e permet d&#8217;apercevoir la ville, ainsi que la r\u00e9gion viticole, qui pr\u00e9sente des caract\u00e9ristiques incomparables.<\/p>\n<p><\/p>\n<p>-Point de vue de Senhora da Cunha:<\/p>\n<p>R\u00e9nov\u00e9 pour accueillir les visiteurs, le Miradouro da Sr\u00aa da Cunha se trouve au sommet d&#8217;une colline.Pour vous aider \u00e0 voir plus loin, vous trouverez des jumelles pour observer la dimension naturelle de Tr\u00e1s-os-Montes.<\/p>\n<p><\/p>\n<p>-Point de vue de Santa Eug\u00e9nia:<\/p>\n<p>Vous serez subjugu\u00e9 par tant de beaut\u00e9. Comme une peinture r\u00e9aliste, le paysage est presque infini. Vous y d\u00e9couvrirez les asp\u00e9rit\u00e9s, les ondulations et les bruits caract\u00e9ristiques de la libert\u00e9.<\/p>\n<p><\/p>\n<p>-Point de vue Nossa Senhora dos Aflitos:<\/p>\n<p>Camoufl\u00e9 au c\u0153ur de la nature, ce belv\u00e9d\u00e8re refl\u00e8te la paix et l&#8217;harmonie. La l\u00e9gende raconte qu&#8217;il s&#8217;agissait \u00e0 l&#8217;origine d&#8217;un lieu de d\u00e9votion lorsque, au cours d&#8217;un voyage, des chasseurs rencontr\u00e8rent une apparition de la Vierge, d&#8217;o\u00f9 la pr\u00e9sence d&#8217;une petite chapelle en son centre.<\/p>\n<p><\/p>\n<p>-Point de vue de Santa B\u00e1rbara:<\/p>\n<p>Nous sommes arriv\u00e9s aux vignobles o\u00f9 sont cultiv\u00e9s les raisins qui donnent naissance au c\u00e9l\u00e8bre et tr\u00e8s appr\u00e9ci\u00e9 Favaios Moscatel. Et le plus beau, c&#8217;est que l&#8217;on peut voir un vaste paysage multicolore. On peut voir un vaste paysage multicolore, avec une vue sur les villes de Favaios, Sanfins do Douro et une partie d&#8217;Alij\u00f3.<\/p>\n<p><\/p>\n<p>-Point de vue Senhor Jesus da Capelinha:<\/p>\n<p>Ce point de vue se trouve \u00e0 Vila de Ma\u00e7ada. Les vignobles, les collines, les champs et les villages sont faciles \u00e0 voir.<\/p>\n<p><\/p>\n<p>Gastronomie<\/p>\n<p>Dans cette commune, vous oublierez certainement votre r\u00e9gime.<\/p>\n<p>Et pour cause ! La gastronomie locale refl\u00e8te l&#8217;histoire de la r\u00e9gion. L&#8217;excellente production de vin, rendue possible par le microclimat du Douro, contraste avec les c\u00e9r\u00e9ales, l&#8217;huile d&#8217;olive, les pommes de terre, les amandes et les ch\u00e2taignes.&nbsp;Dans cette r\u00e9gion montagneuse au climat plus froid, des races renomm\u00e9es sont produites, comme le b\u0153uf Maronesa, le porc Bisaro et la ch\u00e8vre Serrana. Les saucisses sont l&#8217;une des marques de fabrique locales, et les chouri\u00e7os, salpic\u00f5es et alheiras sont une attraction pour les visiteurs d&#8217;Alij\u00f3.&nbsp;<\/p>\n<p><\/p>\n<p>Chaque ann\u00e9e, la municipalit\u00e9 participe aux \u00ab Week-ends gastronomiques \u00bb. Comme leur nom l&#8217;indique, il s&#8217;agit de promouvoir la gastronomie et les vins locaux.<\/p>\n<p>Si vous choisissez de vous y rendre entre le vendredi et le dimanche, ce sera un week-end rempli d&#8217;excellentes possibilit\u00e9s de d\u00e9gustation.<\/p>\n<p>Vous connaissez d\u00e9j\u00e0 les plats typiques ? Nous en avons fait une s\u00e9lection, qui comprend des plats traditionnels, des desserts et bien d&#8217;autres choses encore.<\/p>\n<p><\/p>\n<p>Plats Traditionnels:<\/p>\n<p>o\tSaucisses (boudin, lingui\u00e7a et alheiras);<\/p>\n<p>o\tViandes fum\u00e9es;<\/p>\n<p>o\tMorue r\u00f4tie avec pommes de terre saut\u00e9es;<\/p>\n<p>o\tMa\u00efs \u00e0 la viande dans des vignes d&#8217;ail;<\/p>\n<p>o\tR\u00f4ti de chevreau;<\/p>\n<p>o\tPain de viande;<\/p>\n<p>o\tF\u00e8ves \u00e0 l&#8217;\u00e9tuv\u00e9e;<\/p>\n<p>o\tRago\u00fbt portugais;<\/p>\n<p>o\tFeijoada \u00e0 Transmontana.<\/p>\n<p>o\tVins:<\/p>\n<p>o\tMuscat;<\/p>\n<p>o\tVin de Porto;<\/p>\n<p>o\tVins Rouges, Blancs et Ros\u00e9s;<\/p>\n<p>o\tVins Mousseux.<\/p>\n<p>o\tDesserts:<\/p>\n<p>o\tCroustilles de potiron ou de chila;<\/p>\n<p>o\tConfiture de Teixeira;<\/p>\n<p>o\tAmandes enrob\u00e9es;<\/p>\n<p>o\tOrange de Fraga;<\/p>\n<p>o\tG\u00e2teau Mulato;<\/p>\n<p>o\tSarrabulho sucr\u00e9;<\/p>\n<p>o\tCavacas de Santa Eug\u00e9nia;<\/p>\n<p>o\tG\u00e9noise \u00e0 l&#8217;eau;<\/p>\n<p>o\tG\u00e2teau Borrach\u00e3o.<\/p>\n<p>o\tPain:<\/p>\n<p>o\tPain de seigle de Santa Eug\u00e9nia;<\/p>\n<p>o\tBl\u00e9 de Favaios;<\/p>\n<p>o\tPain de seigle de Vila Ch\u00e3.<\/p>\n<p><\/p>\n<p>Vignobles et Vins&nbsp;<\/p>\n<p>La r\u00e9gion du Douro est mondialement connue pour sa production de vin et les caves qui s&#8217;\u00e9tendent sur tout le territoire.<\/p>\n<p>Alij\u00f3 est une commune o\u00f9 vous n&#8217;aurez que l&#8217;embarras du choix entre les Quintas, les caves et les magasins de vin. Avez-vous r\u00e9fl\u00e9chi \u00e0 la mani\u00e8re de planifier votre visite ? En vous promenant dans les quintas et les caves, imaginez-vous au c\u0153ur de la production vinicole.<\/p>\n<p><\/p>\n<p>Outre des vues historiques et typiques du Douro, Alij\u00f3 abrite la capitale du muscat, Favaios. Pour en savoir plus sur son histoire, nous vous recommandons de r\u00e9server une visite du Centre mus\u00e9al de Favaios &#8211; Le pain et le vin. Vous y d\u00e9couvrirez le processus de production de ces deux produits endog\u00e8nes de choix.<\/p>\n<p><\/p>\n<p>Patrimoine arch\u00e9ologique<\/p>\n<p>En plus de tout ce qui pr\u00e9c\u00e8de, saviez-vous qu&#8217;il est possible de faire des visites guid\u00e9es par un arch\u00e9ologue ? Les visites doivent se faire en groupe d&#8217;au moins cinq personnes. Vous pouvez r\u00e9server votre visite <a href=\"https:\/\/turismo.cm-alijo.pt\/explorar\/patrimonio-arqueologico\/visitas-guiadas\" rel=\"noopener noreferrer\" target=\"_blank\">ici<\/a>.<\/p>\n<p>Il existe de nombreux itin\u00e9raires arch\u00e9ologiques: L&#8217;ensemble architectural du Sanctuaire du Senhor de Perafita ; la n\u00e9cropole m\u00e9galithique de l&#8217;Alto das Madorras ; la voie romaine de Vila Verde ; le Gastro de P\u00f3pulo\/S\u00e3o Marcus\/Touca Rota ; les gravures rupestres de Botelhinha ; la tombe rupestre de Sobredos ; la tombe rupestre de Santa Ana; Tombe rupestre de Vila Ch\u00e3; Dolmen de Fonte Coberta; Pont et voie romaine de Rio de Moinhos; Pont romain de S\u00e3o Mamede de Ribatua; Fort de Favaios; Centre arch\u00e9ologique de Castelo de Carl\u00e3o; Burneira Mamoa; Fort d&#8217;Alto da Murada; Fort de Castorigo; Pont de Magusteiro.<\/p>\n<p><\/p>\n<p>Visites Nautiques et de Loisirs<\/p>\n<p>Comme on pouvait s&#8217;y attendre, nous ne pouvions pas ne pas mentionner les diff\u00e9rentes activit\u00e9s qui permettent de faire une pause sur le fleuve Douro. Toujours avec les meilleures vues, vous pouvez choisir de voyager en bateau ou en train.&nbsp;<\/p>\n<p>Pour les plus aventureux, nous vous pr\u00e9sentons la station nautique d&#8217;Alij\u00f3, qui propose un large \u00e9ventail d&#8217;activit\u00e9s touristiques de qualit\u00e9.<\/p>\n<p><\/p>\n<p>Visitez Alij\u00f3, visitez le Douro, une r\u00e9gion qui a beaucoup \u00e0 offrir et des histoires \u00e0 raconter.<\/p>\n","protected":false},"excerpt":{"rendered":"<p>Nous commen\u00e7ons ce voyage \u00e0 Alij\u00f3, une commune m\u00e9connue qui fut un jour surnomm\u00e9e l&#8217;ambassadrice portugaise de la production de vin. Dans cet article, nous partageons avec les plus curieux ce que vous pouvez visiter et faire dans cette municipalit\u00e9. Points de vue: Cette ville vous invite \u00e0 visiter ses diff\u00e9rents points de vue. -Point [&hellip;]<\/p>\n","protected":false},"author":41,"featured_media":80227,"comment_status":"open","ping_status":"open","sticky":false,"template":"","format":"standard","meta":{"footnotes":""},"categories":[1],"tags":[],"class_list":["post-80233","post","type-post","status-publish","format-standard","has-post-thumbnail","hentry","category-pois"],"acf":[],"yoast_head":"<!-- This site is optimized with the Yoast SEO plugin v26.2 - https:\/\/yoast.com\/wordpress\/plugins\/seo\/ -->\n<title>Que voir \u00e0 Alij\u00f3? - Discover Douro<\/title>\n<meta name=\"robots\" content=\"index, follow, max-snippet:-1, max-image-preview:large, max-video-preview:-1\" \/>\n<link rel=\"canonical\" href=\"https:\/\/discoverdouro.pt\/fr\/o-que-ver-em-alijo-fr\" \/>\n<meta property=\"og:locale\" content=\"fr_FR\" \/>\n<meta property=\"og:type\" content=\"article\" \/>\n<meta property=\"og:title\" content=\"Que voir \u00e0 Alij\u00f3? - Discover Douro\" \/>\n<meta property=\"og:description\" content=\"Nous commen\u00e7ons ce voyage \u00e0 Alij\u00f3, une commune m\u00e9connue qui fut un jour surnomm\u00e9e l&#8217;ambassadrice portugaise de la production de vin. Dans cet article, nous partageons avec les plus curieux ce que vous pouvez visiter et faire dans cette municipalit\u00e9. Points de vue: Cette ville vous invite \u00e0 visiter ses diff\u00e9rents points de vue. -Point [&hellip;]\" \/>\n<meta property=\"og:url\" content=\"https:\/\/discoverdouro.pt\/fr\/o-que-ver-em-alijo-fr\" \/>\n<meta property=\"og:site_name\" content=\"Discover Douro\" \/>\n<meta property=\"article:publisher\" content=\"https:\/\/www.facebook.com\/profile.php?id=61555234744391\" \/>\n<meta property=\"article:published_time\" content=\"2024-05-26T22:00:00+00:00\" \/>\n<meta property=\"article:modified_time\" content=\"2024-05-26T23:00:00+00:00\" \/>\n<meta property=\"og:image\" content=\"https:\/\/discoverdouro.pt\/wp-content\/uploads\/2025\/01\/6654afa1cf72ef7b10b9c927\" \/>\n\t<meta property=\"og:image:width\" content=\"1535\" \/>\n\t<meta property=\"og:image:height\" content=\"863\" \/>\n\t<meta property=\"og:image:type\" content=\"image\/png\" \/>\n<meta name=\"author\" content=\"joao.pedro@digiup.me\" \/>\n<meta name=\"twitter:card\" content=\"summary_large_image\" \/>\n<meta name=\"twitter:creator\" content=\"@DiscoverDouro\" \/>\n<meta name=\"twitter:site\" content=\"@DiscoverDouro\" \/>\n<meta name=\"twitter:label1\" content=\"Written by\" \/>\n\t<meta name=\"twitter:data1\" content=\"joao.pedro@digiup.me\" \/>\n\t<meta name=\"twitter:label2\" content=\"Est. reading time\" \/>\n\t<meta name=\"twitter:data2\" content=\"6 minutes\" \/>\n<script type=\"application\/ld+json\" class=\"yoast-schema-graph\">{\"@context\":\"https:\/\/schema.org\",\"@graph\":[{\"@type\":\"Article\",\"@id\":\"https:\/\/discoverdouro.pt\/fr\/o-que-ver-em-alijo-fr#article\",\"isPartOf\":{\"@id\":\"https:\/\/discoverdouro.pt\/fr\/o-que-ver-em-alijo-fr\"},\"author\":{\"name\":\"joao.pedro@digiup.me\",\"@id\":\"https:\/\/discoverdouro.pt\/fr#\/schema\/person\/3f2d159ab7b7ff3b58e4a78a036c171e\"},\"headline\":\"Que voir \u00e0 Alij\u00f3?\",\"datePublished\":\"2024-05-26T22:00:00+00:00\",\"dateModified\":\"2024-05-26T23:00:00+00:00\",\"mainEntityOfPage\":{\"@id\":\"https:\/\/discoverdouro.pt\/fr\/o-que-ver-em-alijo-fr\"},\"wordCount\":1186,\"commentCount\":0,\"publisher\":{\"@id\":\"https:\/\/discoverdouro.pt\/fr#organization\"},\"image\":{\"@id\":\"https:\/\/discoverdouro.pt\/fr\/o-que-ver-em-alijo-fr#primaryimage\"},\"thumbnailUrl\":\"https:\/\/discoverdouro.pt\/wp-content\/uploads\/2025\/01\/6654afa1cf72ef7b10b9c927\",\"articleSection\":[\"pois\"],\"inLanguage\":\"fr\",\"potentialAction\":[{\"@type\":\"CommentAction\",\"name\":\"Comment\",\"target\":[\"https:\/\/discoverdouro.pt\/fr\/o-que-ver-em-alijo-fr#respond\"]}]},{\"@type\":\"WebPage\",\"@id\":\"https:\/\/discoverdouro.pt\/fr\/o-que-ver-em-alijo-fr\",\"url\":\"https:\/\/discoverdouro.pt\/fr\/o-que-ver-em-alijo-fr\",\"name\":\"Que voir \u00e0 Alij\u00f3? - Discover Douro\",\"isPartOf\":{\"@id\":\"https:\/\/discoverdouro.pt\/fr#website\"},\"primaryImageOfPage\":{\"@id\":\"https:\/\/discoverdouro.pt\/fr\/o-que-ver-em-alijo-fr#primaryimage\"},\"image\":{\"@id\":\"https:\/\/discoverdouro.pt\/fr\/o-que-ver-em-alijo-fr#primaryimage\"},\"thumbnailUrl\":\"https:\/\/discoverdouro.pt\/wp-content\/uploads\/2025\/01\/6654afa1cf72ef7b10b9c927\",\"datePublished\":\"2024-05-26T22:00:00+00:00\",\"dateModified\":\"2024-05-26T23:00:00+00:00\",\"breadcrumb\":{\"@id\":\"https:\/\/discoverdouro.pt\/fr\/o-que-ver-em-alijo-fr#breadcrumb\"},\"inLanguage\":\"fr\",\"potentialAction\":[{\"@type\":\"ReadAction\",\"target\":[\"https:\/\/discoverdouro.pt\/fr\/o-que-ver-em-alijo-fr\"]}]},{\"@type\":\"ImageObject\",\"inLanguage\":\"fr\",\"@id\":\"https:\/\/discoverdouro.pt\/fr\/o-que-ver-em-alijo-fr#primaryimage\",\"url\":\"https:\/\/discoverdouro.pt\/wp-content\/uploads\/2025\/01\/6654afa1cf72ef7b10b9c927\",\"contentUrl\":\"https:\/\/discoverdouro.pt\/wp-content\/uploads\/2025\/01\/6654afa1cf72ef7b10b9c927\",\"width\":1535,\"height\":863},{\"@type\":\"BreadcrumbList\",\"@id\":\"https:\/\/discoverdouro.pt\/fr\/o-que-ver-em-alijo-fr#breadcrumb\",\"itemListElement\":[{\"@type\":\"ListItem\",\"position\":1,\"name\":\"Home\",\"item\":\"https:\/\/discoverdouro.pt\/fr\"},{\"@type\":\"ListItem\",\"position\":2,\"name\":\"Que voir \u00e0 Alij\u00f3?\"}]},{\"@type\":\"WebSite\",\"@id\":\"https:\/\/discoverdouro.pt\/fr#website\",\"url\":\"https:\/\/discoverdouro.pt\/fr\",\"name\":\"Discover Douro\",\"description\":\"O Para\u00edso de Portugal\",\"publisher\":{\"@id\":\"https:\/\/discoverdouro.pt\/fr#organization\"},\"potentialAction\":[{\"@type\":\"SearchAction\",\"target\":{\"@type\":\"EntryPoint\",\"urlTemplate\":\"https:\/\/discoverdouro.pt\/fr?s={search_term_string}\"},\"query-input\":{\"@type\":\"PropertyValueSpecification\",\"valueRequired\":true,\"valueName\":\"search_term_string\"}}],\"inLanguage\":\"fr\"},{\"@type\":\"Organization\",\"@id\":\"https:\/\/discoverdouro.pt\/fr#organization\",\"name\":\"Discover Douro\",\"url\":\"https:\/\/discoverdouro.pt\/fr\",\"logo\":{\"@type\":\"ImageObject\",\"inLanguage\":\"fr\",\"@id\":\"https:\/\/discoverdouro.pt\/fr#\/schema\/logo\/image\/\",\"url\":\"https:\/\/www.discoverdouro.pt\/wp-content\/uploads\/2024\/01\/cropped-Icon_Discover.png\",\"contentUrl\":\"https:\/\/www.discoverdouro.pt\/wp-content\/uploads\/2024\/01\/cropped-Icon_Discover.png\",\"width\":512,\"height\":512,\"caption\":\"Discover Douro\"},\"image\":{\"@id\":\"https:\/\/discoverdouro.pt\/fr#\/schema\/logo\/image\/\"},\"sameAs\":[\"https:\/\/www.facebook.com\/profile.php?id=61555234744391\",\"https:\/\/x.com\/DiscoverDouro\",\"https:\/\/www.instagram.com\/discover.douro\",\"https:\/\/www.tiktok.com\/@discoverdouro\",\"https:\/\/www.linkedin.com\/company\/discover-douro\/\"]},{\"@type\":\"Person\",\"@id\":\"https:\/\/discoverdouro.pt\/fr#\/schema\/person\/3f2d159ab7b7ff3b58e4a78a036c171e\",\"name\":\"joao.pedro@digiup.me\",\"image\":{\"@type\":\"ImageObject\",\"inLanguage\":\"fr\",\"@id\":\"https:\/\/discoverdouro.pt\/fr#\/schema\/person\/image\/\",\"url\":\"https:\/\/secure.gravatar.com\/avatar\/e82803344cd9072cbc54d090473b9e9c391d1d16cd4f46a2f044dd6043073947?s=96&d=mm&r=g\",\"contentUrl\":\"https:\/\/secure.gravatar.com\/avatar\/e82803344cd9072cbc54d090473b9e9c391d1d16cd4f46a2f044dd6043073947?s=96&d=mm&r=g\",\"caption\":\"joao.pedro@digiup.me\"}}]}<\/script>\n<!-- \/ Yoast SEO plugin. -->","yoast_head_json":{"title":"Que voir \u00e0 Alij\u00f3? - Discover Douro","robots":{"index":"index","follow":"follow","max-snippet":"max-snippet:-1","max-image-preview":"max-image-preview:large","max-video-preview":"max-video-preview:-1"},"canonical":"https:\/\/discoverdouro.pt\/fr\/o-que-ver-em-alijo-fr","og_locale":"fr_FR","og_type":"article","og_title":"Que voir \u00e0 Alij\u00f3? - Discover Douro","og_description":"Nous commen\u00e7ons ce voyage \u00e0 Alij\u00f3, une commune m\u00e9connue qui fut un jour surnomm\u00e9e l&#8217;ambassadrice portugaise de la production de vin. Dans cet article, nous partageons avec les plus curieux ce que vous pouvez visiter et faire dans cette municipalit\u00e9. Points de vue: Cette ville vous invite \u00e0 visiter ses diff\u00e9rents points de vue. -Point [&hellip;]","og_url":"https:\/\/discoverdouro.pt\/fr\/o-que-ver-em-alijo-fr","og_site_name":"Discover Douro","article_publisher":"https:\/\/www.facebook.com\/profile.php?id=61555234744391","article_published_time":"2024-05-26T22:00:00+00:00","article_modified_time":"2024-05-26T23:00:00+00:00","og_image":[{"width":1535,"height":863,"url":"https:\/\/discoverdouro.pt\/wp-content\/uploads\/2025\/01\/6654afa1cf72ef7b10b9c927","type":"image\/png"}],"author":"joao.pedro@digiup.me","twitter_card":"summary_large_image","twitter_creator":"@DiscoverDouro","twitter_site":"@DiscoverDouro","twitter_misc":{"Written by":"joao.pedro@digiup.me","Est. reading time":"6 minutes"},"schema":{"@context":"https:\/\/schema.org","@graph":[{"@type":"Article","@id":"https:\/\/discoverdouro.pt\/fr\/o-que-ver-em-alijo-fr#article","isPartOf":{"@id":"https:\/\/discoverdouro.pt\/fr\/o-que-ver-em-alijo-fr"},"author":{"name":"joao.pedro@digiup.me","@id":"https:\/\/discoverdouro.pt\/fr#\/schema\/person\/3f2d159ab7b7ff3b58e4a78a036c171e"},"headline":"Que voir \u00e0 Alij\u00f3?","datePublished":"2024-05-26T22:00:00+00:00","dateModified":"2024-05-26T23:00:00+00:00","mainEntityOfPage":{"@id":"https:\/\/discoverdouro.pt\/fr\/o-que-ver-em-alijo-fr"},"wordCount":1186,"commentCount":0,"publisher":{"@id":"https:\/\/discoverdouro.pt\/fr#organization"},"image":{"@id":"https:\/\/discoverdouro.pt\/fr\/o-que-ver-em-alijo-fr#primaryimage"},"thumbnailUrl":"https:\/\/discoverdouro.pt\/wp-content\/uploads\/2025\/01\/6654afa1cf72ef7b10b9c927","articleSection":["pois"],"inLanguage":"fr","potentialAction":[{"@type":"CommentAction","name":"Comment","target":["https:\/\/discoverdouro.pt\/fr\/o-que-ver-em-alijo-fr#respond"]}]},{"@type":"WebPage","@id":"https:\/\/discoverdouro.pt\/fr\/o-que-ver-em-alijo-fr","url":"https:\/\/discoverdouro.pt\/fr\/o-que-ver-em-alijo-fr","name":"Que voir \u00e0 Alij\u00f3? - Discover Douro","isPartOf":{"@id":"https:\/\/discoverdouro.pt\/fr#website"},"primaryImageOfPage":{"@id":"https:\/\/discoverdouro.pt\/fr\/o-que-ver-em-alijo-fr#primaryimage"},"image":{"@id":"https:\/\/discoverdouro.pt\/fr\/o-que-ver-em-alijo-fr#primaryimage"},"thumbnailUrl":"https:\/\/discoverdouro.pt\/wp-content\/uploads\/2025\/01\/6654afa1cf72ef7b10b9c927","datePublished":"2024-05-26T22:00:00+00:00","dateModified":"2024-05-26T23:00:00+00:00","breadcrumb":{"@id":"https:\/\/discoverdouro.pt\/fr\/o-que-ver-em-alijo-fr#breadcrumb"},"inLanguage":"fr","potentialAction":[{"@type":"ReadAction","target":["https:\/\/discoverdouro.pt\/fr\/o-que-ver-em-alijo-fr"]}]},{"@type":"ImageObject","inLanguage":"fr","@id":"https:\/\/discoverdouro.pt\/fr\/o-que-ver-em-alijo-fr#primaryimage","url":"https:\/\/discoverdouro.pt\/wp-content\/uploads\/2025\/01\/6654afa1cf72ef7b10b9c927","contentUrl":"https:\/\/discoverdouro.pt\/wp-content\/uploads\/2025\/01\/6654afa1cf72ef7b10b9c927","width":1535,"height":863},{"@type":"BreadcrumbList","@id":"https:\/\/discoverdouro.pt\/fr\/o-que-ver-em-alijo-fr#breadcrumb","itemListElement":[{"@type":"ListItem","position":1,"name":"Home","item":"https:\/\/discoverdouro.pt\/fr"},{"@type":"ListItem","position":2,"name":"Que voir \u00e0 Alij\u00f3?"}]},{"@type":"WebSite","@id":"https:\/\/discoverdouro.pt\/fr#website","url":"https:\/\/discoverdouro.pt\/fr","name":"Discover Douro","description":"O Para\u00edso de Portugal","publisher":{"@id":"https:\/\/discoverdouro.pt\/fr#organization"},"potentialAction":[{"@type":"SearchAction","target":{"@type":"EntryPoint","urlTemplate":"https:\/\/discoverdouro.pt\/fr?s={search_term_string}"},"query-input":{"@type":"PropertyValueSpecification","valueRequired":true,"valueName":"search_term_string"}}],"inLanguage":"fr"},{"@type":"Organization","@id":"https:\/\/discoverdouro.pt\/fr#organization","name":"Discover Douro","url":"https:\/\/discoverdouro.pt\/fr","logo":{"@type":"ImageObject","inLanguage":"fr","@id":"https:\/\/discoverdouro.pt\/fr#\/schema\/logo\/image\/","url":"https:\/\/www.discoverdouro.pt\/wp-content\/uploads\/2024\/01\/cropped-Icon_Discover.png","contentUrl":"https:\/\/www.discoverdouro.pt\/wp-content\/uploads\/2024\/01\/cropped-Icon_Discover.png","width":512,"height":512,"caption":"Discover Douro"},"image":{"@id":"https:\/\/discoverdouro.pt\/fr#\/schema\/logo\/image\/"},"sameAs":["https:\/\/www.facebook.com\/profile.php?id=61555234744391","https:\/\/x.com\/DiscoverDouro","https:\/\/www.instagram.com\/discover.douro","https:\/\/www.tiktok.com\/@discoverdouro","https:\/\/www.linkedin.com\/company\/discover-douro\/"]},{"@type":"Person","@id":"https:\/\/discoverdouro.pt\/fr#\/schema\/person\/3f2d159ab7b7ff3b58e4a78a036c171e","name":"joao.pedro@digiup.me","image":{"@type":"ImageObject","inLanguage":"fr","@id":"https:\/\/discoverdouro.pt\/fr#\/schema\/person\/image\/","url":"https:\/\/secure.gravatar.com\/avatar\/e82803344cd9072cbc54d090473b9e9c391d1d16cd4f46a2f044dd6043073947?s=96&d=mm&r=g","contentUrl":"https:\/\/secure.gravatar.com\/avatar\/e82803344cd9072cbc54d090473b9e9c391d1d16cd4f46a2f044dd6043073947?s=96&d=mm&r=g","caption":"joao.pedro@digiup.me"}}]}},"_links":{"self":[{"href":"https:\/\/discoverdouro.pt\/fr\/wp-json\/wp\/v2\/posts\/80233","targetHints":{"allow":["GET"]}}],"collection":[{"href":"https:\/\/discoverdouro.pt\/fr\/wp-json\/wp\/v2\/posts"}],"about":[{"href":"https:\/\/discoverdouro.pt\/fr\/wp-json\/wp\/v2\/types\/post"}],"author":[{"embeddable":true,"href":"https:\/\/discoverdouro.pt\/fr\/wp-json\/wp\/v2\/users\/41"}],"replies":[{"embeddable":true,"href":"https:\/\/discoverdouro.pt\/fr\/wp-json\/wp\/v2\/comments?post=80233"}],"version-history":[{"count":0,"href":"https:\/\/discoverdouro.pt\/fr\/wp-json\/wp\/v2\/posts\/80233\/revisions"}],"wp:featuredmedia":[{"embeddable":true,"href":"https:\/\/discoverdouro.pt\/fr\/wp-json\/wp\/v2\/media\/80227"}],"wp:attachment":[{"href":"https:\/\/discoverdouro.pt\/fr\/wp-json\/wp\/v2\/media?parent=80233"}],"wp:term":[{"taxonomy":"category","embeddable":true,"href":"https:\/\/discoverdouro.pt\/fr\/wp-json\/wp\/v2\/categories?post=80233"},{"taxonomy":"post_tag","embeddable":true,"href":"https:\/\/discoverdouro.pt\/fr\/wp-json\/wp\/v2\/tags?post=80233"}],"curies":[{"name":"wp","href":"https:\/\/api.w.org\/{rel}","templated":true}]}}