{"id":80241,"date":"2024-05-12T23:00:00","date_gmt":"2024-05-12T22:00:00","guid":{"rendered":"https:\/\/www.discoverdouro.pt\/os-mais-belos-miradouros-do-douro-ar-fr"},"modified":"2024-05-12T23:00:00","modified_gmt":"2024-05-12T23:00:00","slug":"os-mais-belos-miradouros-do-douro-ar-fr","status":"publish","type":"post","link":"https:\/\/discoverdouro.pt\/fr\/os-mais-belos-miradouros-do-douro-ar-fr","title":{"rendered":"Les meilleurs points de vue du Douro"},"content":{"rendered":"<p>Aquilino Ribeiro a dit un jour que \u00ab ceux qui ne se fatiguent pas atteignent \u00bb. Et c&#8217;est en plein c\u0153ur du Douro que nous mettons en valeur les meilleurs points de vue. Avec un paysage enviable, la vue vous invite \u00e0 visiter les tableaux du Douro.<\/p>\n<p><\/p>\n<p>De A \u00e0 Z, nous vous indiquons ceux \u00e0 visiter, par commune :<\/p>\n<p><\/p>\n<p>Nous commen\u00e7ons ce voyage \u00e0 Alij\u00f3. Surnomm\u00e9e l&#8217;ambassadrice portugaise de la viticulture, cette ville vous invite \u00e0 visiter le Miradouro do Ujo. C&#8217;est le point de r\u00e9f\u00e9rence d&#8217;o\u00f9 l&#8217;on peut contempler la vall\u00e9e du Tua. Comme une invitation au ciel, l&#8217;architecture est con\u00e7ue pour vous envelopper dans la nature.<\/p>\n<p><\/p>\n<p>L&#8217;Armamar divise le territoire, avec la vall\u00e9e du Douro au nord et le plateau de Beira au sud. Le belv\u00e9d\u00e8re de Misarela permet de profiter d&#8217;une vue immense sur la vall\u00e9e du Douro et la Serra do Mar\u00e3o. Vous pouvez \u00e9galement entendre l&#8217;eau s&#8217;\u00e9couler dans la cascade qui donne son nom au belv\u00e9d\u00e8re.<\/p>\n<p><\/p>\n<p>L&#8217;histoire a voulu laisser son empreinte \u00e0 Carrazeda de Ansi\u00e3es. Avec ses peintures, ses ch\u00e2teaux et ses dolmens, rien n&#8217;est comparable aux paysages du belv\u00e9d\u00e8re de Senhora da Gra\u00e7a. Situ\u00e9 sur une colline de granit, celui qui monte au sommet est \u00e9merveill\u00e9 par l&#8217;immensit\u00e9 de l&#8217;espace qui s&#8217;offre \u00e0 son regard. Entre le plateau de Carrazedense et une partie de la vall\u00e9e de la rivi\u00e8re Tua, vous aurez envie d&#8217;appr\u00e9cier ce que la nature a \u00e0 vous offrir.<\/p>\n<p><\/p>\n<p>Connaissez-vous le point de vue de Penedo Dur\u00e3o ? \u00c0 Freixo de Espada \u00e0 Cinta, outre le c\u00e9l\u00e8bre Freixo \u00e0 l&#8217;\u00e9p\u00e9e, vous serez \u00e9bloui par la vue sur la r\u00e9gion. Le paysage est \u00e0 couper le souffle, et ne serait-ce pas un point de rep\u00e8re du Douro, orn\u00e9 des fermes de la r\u00e9gion.<\/p>\n<p><\/p>\n<p>Lamego, ville au patrimoine et \u00e0 la culture s\u00e9culaires, abrite le Miradouro da Boa Vista. Le point de mire est perdu parmi tant de richesses naturelles. Ceux qui le visitent ont une vue panoramique sur les villages, les vignobles qui travaillent dur, la vall\u00e9e du Douro, les pin\u00e8des et les oliveraies.<\/p>\n<p><\/p>\n<p>Nous sommes arriv\u00e9s \u00e0 Porta do Douro, dans la municipalit\u00e9 de Mes\u00e3o Frio. Son histoire se confond avec l&#8217;histoire nationale. Mais ce qui est certain, c&#8217;est que le Miradouro do Imagin\u00e1rio r\u00e9affirme la beaut\u00e9 du Douro. Tel un amphith\u00e9\u00e2tre, les protagonistes de cette sc\u00e8ne sont les vall\u00e9es, les terrasses des vignobles, d\u00e9cor\u00e9es du bleu inoubliable du fleuve Douro.<\/p>\n<p><\/p>\n<p>Pouvez-vous imaginer flotter dans la nature ? Le Miradouro da Nossa Senhora da Concei\u00e7\u00e3o vous en donne l&#8217;occasion. Situ\u00e9 \u00e0 Moimenta da Beira, cette commune se caract\u00e9rise par son patrimoine architectural s\u00e9culaire. Laissez-vous transporter dans l&#8217;immensit\u00e9 que l&#8217;\u0153il peut capter.&nbsp;<\/p>\n<p><\/p>\n<p>Mur\u00e7a, une terre de charme \u00e0 d\u00e9couvrir. Nous arrivons au mirador de S\u00e3o Domingos. Tel un pont suspendu, la vue est infinie, panoramique, agr\u00e9ment\u00e9e de vignes et d&#8217;oliviers ondulants.<\/p>\n<p><\/p>\n<p>La commune de Penedono est fortement marqu\u00e9e par son patrimoine romain et religieux. Le belv\u00e9d\u00e8re de Santa Luzia est situ\u00e9 sur l&#8217;un des points les plus \u00e9lev\u00e9s. Apr\u00e8s avoir \u00e9t\u00e9 r\u00e9nov\u00e9 pour vous offrir un moment unique, vous pourrez admirer le Douro et des paysages encore plus montagneux, entre le Douro et la Beira.<\/p>\n<p><\/p>\n<p>Nous sommes arriv\u00e9s \u00e0 la moiti\u00e9 de ce beau voyage et la prochaine \u00e9tape est Peso da R\u00e9gua. Avec ses habitants accueillants, vous pourrez facilement vous sucrer le bec avec des douceurs typiques. Consid\u00e9r\u00e9 comme l&#8217;un des plus beaux points de vue de la r\u00e9gion du Douro, le Miradouro de S\u00e3o Leonardo de Galafura est l&#8217;endroit o\u00f9 Miguel Torga a laiss\u00e9 son empreinte et l&#8217;a appel\u00e9 \u00ab O Douro sublimado (&#8230;) Un po\u00e8me g\u00e9ologique. Beaut\u00e9 absolue \u00bb.<\/p>\n<p><\/p>\n<p>Nous continuons jusqu&#8217;\u00e0 Sabrosa. C&#8217;est la terre et ses habitants qui ont inspir\u00e9 les \u00e9crivains, les historiens et tous ceux qui sont vraiment passionn\u00e9s par le Douro. C&#8217;est la terre de Ferdinand Magellan, qui, au cours de son voyage autour du monde, n&#8217;a jamais rencontr\u00e9 une telle beaut\u00e9. Le belv\u00e9d\u00e8re de la Sabrosa surplombe la rivi\u00e8re Pinh\u00e3o et offre un paysage culturel de la r\u00e9gion viticole du Haut-Douro, inscrite au patrimoine mondial de l&#8217;humanit\u00e9.<\/p>\n<p><\/p>\n<p>Le point de vue S\u00e3o Pedro est situ\u00e9 au sommet de la colline, dans un endroit privil\u00e9gi\u00e9 o\u00f9 vous serez enchant\u00e9 par les panoramas les plus \u00e9poustouflants de la r\u00e9gion du Douro. C&#8217;est \u00e0 Santa Marta de Penagui\u00e3o que se trouve ce point de vue, une terre historique.<\/p>\n<p><\/p>\n<p>Un tableau immense, peint en couleurs d\u00e9licates, divis\u00e9 par la vall\u00e9e du fleuve Douro. Le point de vue de S\u00e3o Salvador do Mundo renforce la grande beaut\u00e9, les pentes abruptes et accident\u00e9es. Il est situ\u00e9 \u00e0 S\u00e3o Jo\u00e3o da Pesqueira, le c\u0153ur du Douro.<\/p>\n<p><\/p>\n<p>Sernancelhe, la ville aux racines lusitaniennes. La paix harmonieuse entre la vue, ce qui est naturel et ce que l&#8217;histoire a laiss\u00e9 derri\u00e8re elle nous conduit au belv\u00e9d\u00e8re Senhora das Necessidades. Celui-ci offre une vue magnifique sur le bassin de la rivi\u00e8re T\u00e1vora.<\/p>\n<p><\/p>\n<p>Lors de votre visite \u00e0 Tabua\u00e7o, vous ne pourrez pas manquer le point de vue de Nossa Senhora de F\u00e1tima. \u00c9l\u00e9gamment d\u00e9cor\u00e9 d&#8217;un cadre rappelant les vignes et ce que le Douro nous donne tant, la seule description possible est inimaginable. Les vues sont incomparables, les terrasses sont nombreuses et accompagn\u00e9es par les m\u00e9andres du fleuve Douro.<\/p>\n<p><\/p>\n<p>Depuis le Miradouro da Serra de Santa Helena, l&#8217;horizon est vaste, essentiellement vert et d\u00e9chiquet\u00e9. Accompagn\u00e9e de quelques exemples d&#8217;architecture m\u00e9di\u00e9vale, Tarouca abrite le seul pont fortifi\u00e9 de la p\u00e9ninsule ib\u00e9rique.&nbsp;<\/p>\n<p><\/p>\n<p>Aventurez-vous sur l&#8217;immense balan\u00e7oire du point de vue de S\u00e3o Louren\u00e7o. Torre de Moncorvo offre un vaste programme culturel et des paysages uniques. Le regard se perd dans le bleu de la rivi\u00e8re et les couleurs environnantes. La m\u00e9lodie du vent et de la nature enchante les visiteurs.<\/p>\n<p><\/p>\n<p>Pr\u00e9parez-vous \u00e0 vivre une aventure inoubliable. Il s&#8217;agit de Vila Nova de Foz C\u00f4a, caract\u00e9ris\u00e9e par des paysages rudes, accident\u00e9s et grandioses. Pour profiter de cette commune, nous vous proposons le point de vue de C\u00f4a. Entre le ciel et la terre, l&#8217;homme a construit un passage de paix et de m\u00e9ditation.<\/p>\n<p><\/p>\n<p>Nous sommes arriv\u00e9s \u00e0 notre destination finale, la ville du roi. Lors de votre visite \u00e0 Vila Real, passez par le point de vue de Vila Velha. Vous y verrez le terrain accident\u00e9 construit par la nature. Situ\u00e9 au c\u0153ur de la vieille ville, le tableau final est \u00e0 couper le souffle. Le son de la rivi\u00e8re qui coule et le chant des oiseaux resteront grav\u00e9s dans votre m\u00e9moire.<\/p>\n<p><\/p>\n","protected":false},"excerpt":{"rendered":"<p>Aquilino Ribeiro a dit un jour que \u00ab ceux qui ne se fatiguent pas atteignent \u00bb. Et c&#8217;est en plein c\u0153ur du Douro que nous mettons en valeur les meilleurs points de vue. Avec un paysage enviable, la vue vous invite \u00e0 visiter les tableaux du Douro. De A \u00e0 Z, nous vous indiquons ceux [&hellip;]<\/p>\n","protected":false},"author":41,"featured_media":80235,"comment_status":"open","ping_status":"open","sticky":false,"template":"","format":"standard","meta":{"footnotes":""},"categories":[136,1],"tags":[],"class_list":["post-80241","post","type-post","status-publish","format-standard","has-post-thumbnail","hentry","category-non-classifiee","category-pois"],"acf":[],"yoast_head":"<!-- This site is optimized with the Yoast SEO plugin v26.2 - https:\/\/yoast.com\/wordpress\/plugins\/seo\/ -->\n<title>Les meilleurs points de vue du Douro - Discover Douro<\/title>\n<meta name=\"robots\" content=\"index, follow, max-snippet:-1, max-image-preview:large, max-video-preview:-1\" \/>\n<link rel=\"canonical\" href=\"https:\/\/discoverdouro.pt\/fr\/os-mais-belos-miradouros-do-douro-ar-fr\" \/>\n<meta property=\"og:locale\" content=\"fr_FR\" \/>\n<meta property=\"og:type\" content=\"article\" \/>\n<meta property=\"og:title\" content=\"Les meilleurs points de vue du Douro - Discover Douro\" \/>\n<meta property=\"og:description\" content=\"Aquilino Ribeiro a dit un jour que \u00ab ceux qui ne se fatiguent pas atteignent \u00bb. Et c&#8217;est en plein c\u0153ur du Douro que nous mettons en valeur les meilleurs points de vue. Avec un paysage enviable, la vue vous invite \u00e0 visiter les tableaux du Douro. De A \u00e0 Z, nous vous indiquons ceux [&hellip;]\" \/>\n<meta property=\"og:url\" content=\"https:\/\/discoverdouro.pt\/fr\/os-mais-belos-miradouros-do-douro-ar-fr\" \/>\n<meta property=\"og:site_name\" content=\"Discover Douro\" \/>\n<meta property=\"article:publisher\" content=\"https:\/\/www.facebook.com\/profile.php?id=61555234744391\" \/>\n<meta property=\"article:published_time\" content=\"2024-05-12T22:00:00+00:00\" \/>\n<meta property=\"article:modified_time\" content=\"2024-05-12T23:00:00+00:00\" \/>\n<meta property=\"og:image\" content=\"https:\/\/discoverdouro.pt\/wp-content\/uploads\/2025\/01\/664227f4cf72ef7b10ac9133-1024x575.\" \/>\n\t<meta property=\"og:image:width\" content=\"1024\" \/>\n\t<meta property=\"og:image:height\" content=\"575\" \/>\n\t<meta property=\"og:image:type\" content=\"image\/png\" \/>\n<meta name=\"author\" content=\"joao.pedro@digiup.me\" \/>\n<meta name=\"twitter:card\" content=\"summary_large_image\" \/>\n<meta name=\"twitter:creator\" content=\"@DiscoverDouro\" \/>\n<meta name=\"twitter:site\" content=\"@DiscoverDouro\" \/>\n<meta name=\"twitter:label1\" content=\"Written by\" \/>\n\t<meta name=\"twitter:data1\" content=\"joao.pedro@digiup.me\" \/>\n\t<meta name=\"twitter:label2\" content=\"Est. reading time\" \/>\n\t<meta name=\"twitter:data2\" content=\"6 minutes\" \/>\n<script type=\"application\/ld+json\" class=\"yoast-schema-graph\">{\"@context\":\"https:\/\/schema.org\",\"@graph\":[{\"@type\":\"Article\",\"@id\":\"https:\/\/discoverdouro.pt\/fr\/os-mais-belos-miradouros-do-douro-ar-fr#article\",\"isPartOf\":{\"@id\":\"https:\/\/discoverdouro.pt\/fr\/os-mais-belos-miradouros-do-douro-ar-fr\"},\"author\":{\"name\":\"joao.pedro@digiup.me\",\"@id\":\"https:\/\/discoverdouro.pt\/fr#\/schema\/person\/3f2d159ab7b7ff3b58e4a78a036c171e\"},\"headline\":\"Les meilleurs points de vue du Douro\",\"datePublished\":\"2024-05-12T22:00:00+00:00\",\"dateModified\":\"2024-05-12T23:00:00+00:00\",\"mainEntityOfPage\":{\"@id\":\"https:\/\/discoverdouro.pt\/fr\/os-mais-belos-miradouros-do-douro-ar-fr\"},\"wordCount\":1161,\"commentCount\":0,\"publisher\":{\"@id\":\"https:\/\/discoverdouro.pt\/fr#organization\"},\"image\":{\"@id\":\"https:\/\/discoverdouro.pt\/fr\/os-mais-belos-miradouros-do-douro-ar-fr#primaryimage\"},\"thumbnailUrl\":\"https:\/\/discoverdouro.pt\/wp-content\/uploads\/2025\/01\/664227f4cf72ef7b10ac9133\",\"articleSection\":[\"Non classifi\u00e9(e)\",\"pois\"],\"inLanguage\":\"fr\",\"potentialAction\":[{\"@type\":\"CommentAction\",\"name\":\"Comment\",\"target\":[\"https:\/\/discoverdouro.pt\/fr\/os-mais-belos-miradouros-do-douro-ar-fr#respond\"]}]},{\"@type\":\"WebPage\",\"@id\":\"https:\/\/discoverdouro.pt\/fr\/os-mais-belos-miradouros-do-douro-ar-fr\",\"url\":\"https:\/\/discoverdouro.pt\/fr\/os-mais-belos-miradouros-do-douro-ar-fr\",\"name\":\"Les meilleurs points de vue du Douro - Discover Douro\",\"isPartOf\":{\"@id\":\"https:\/\/discoverdouro.pt\/fr#website\"},\"primaryImageOfPage\":{\"@id\":\"https:\/\/discoverdouro.pt\/fr\/os-mais-belos-miradouros-do-douro-ar-fr#primaryimage\"},\"image\":{\"@id\":\"https:\/\/discoverdouro.pt\/fr\/os-mais-belos-miradouros-do-douro-ar-fr#primaryimage\"},\"thumbnailUrl\":\"https:\/\/discoverdouro.pt\/wp-content\/uploads\/2025\/01\/664227f4cf72ef7b10ac9133\",\"datePublished\":\"2024-05-12T22:00:00+00:00\",\"dateModified\":\"2024-05-12T23:00:00+00:00\",\"breadcrumb\":{\"@id\":\"https:\/\/discoverdouro.pt\/fr\/os-mais-belos-miradouros-do-douro-ar-fr#breadcrumb\"},\"inLanguage\":\"fr\",\"potentialAction\":[{\"@type\":\"ReadAction\",\"target\":[\"https:\/\/discoverdouro.pt\/fr\/os-mais-belos-miradouros-do-douro-ar-fr\"]}]},{\"@type\":\"ImageObject\",\"inLanguage\":\"fr\",\"@id\":\"https:\/\/discoverdouro.pt\/fr\/os-mais-belos-miradouros-do-douro-ar-fr#primaryimage\",\"url\":\"https:\/\/discoverdouro.pt\/wp-content\/uploads\/2025\/01\/664227f4cf72ef7b10ac9133\",\"contentUrl\":\"https:\/\/discoverdouro.pt\/wp-content\/uploads\/2025\/01\/664227f4cf72ef7b10ac9133\",\"width\":3840,\"height\":2158},{\"@type\":\"BreadcrumbList\",\"@id\":\"https:\/\/discoverdouro.pt\/fr\/os-mais-belos-miradouros-do-douro-ar-fr#breadcrumb\",\"itemListElement\":[{\"@type\":\"ListItem\",\"position\":1,\"name\":\"Home\",\"item\":\"https:\/\/discoverdouro.pt\/fr\"},{\"@type\":\"ListItem\",\"position\":2,\"name\":\"Les meilleurs points de vue du Douro\"}]},{\"@type\":\"WebSite\",\"@id\":\"https:\/\/discoverdouro.pt\/fr#website\",\"url\":\"https:\/\/discoverdouro.pt\/fr\",\"name\":\"Discover Douro\",\"description\":\"O Para\u00edso de Portugal\",\"publisher\":{\"@id\":\"https:\/\/discoverdouro.pt\/fr#organization\"},\"potentialAction\":[{\"@type\":\"SearchAction\",\"target\":{\"@type\":\"EntryPoint\",\"urlTemplate\":\"https:\/\/discoverdouro.pt\/fr?s={search_term_string}\"},\"query-input\":{\"@type\":\"PropertyValueSpecification\",\"valueRequired\":true,\"valueName\":\"search_term_string\"}}],\"inLanguage\":\"fr\"},{\"@type\":\"Organization\",\"@id\":\"https:\/\/discoverdouro.pt\/fr#organization\",\"name\":\"Discover Douro\",\"url\":\"https:\/\/discoverdouro.pt\/fr\",\"logo\":{\"@type\":\"ImageObject\",\"inLanguage\":\"fr\",\"@id\":\"https:\/\/discoverdouro.pt\/fr#\/schema\/logo\/image\/\",\"url\":\"https:\/\/www.discoverdouro.pt\/wp-content\/uploads\/2024\/01\/cropped-Icon_Discover.png\",\"contentUrl\":\"https:\/\/www.discoverdouro.pt\/wp-content\/uploads\/2024\/01\/cropped-Icon_Discover.png\",\"width\":512,\"height\":512,\"caption\":\"Discover Douro\"},\"image\":{\"@id\":\"https:\/\/discoverdouro.pt\/fr#\/schema\/logo\/image\/\"},\"sameAs\":[\"https:\/\/www.facebook.com\/profile.php?id=61555234744391\",\"https:\/\/x.com\/DiscoverDouro\",\"https:\/\/www.instagram.com\/discover.douro\",\"https:\/\/www.tiktok.com\/@discoverdouro\",\"https:\/\/www.linkedin.com\/company\/discover-douro\/\"]},{\"@type\":\"Person\",\"@id\":\"https:\/\/discoverdouro.pt\/fr#\/schema\/person\/3f2d159ab7b7ff3b58e4a78a036c171e\",\"name\":\"joao.pedro@digiup.me\",\"image\":{\"@type\":\"ImageObject\",\"inLanguage\":\"fr\",\"@id\":\"https:\/\/discoverdouro.pt\/fr#\/schema\/person\/image\/\",\"url\":\"https:\/\/secure.gravatar.com\/avatar\/e82803344cd9072cbc54d090473b9e9c391d1d16cd4f46a2f044dd6043073947?s=96&d=mm&r=g\",\"contentUrl\":\"https:\/\/secure.gravatar.com\/avatar\/e82803344cd9072cbc54d090473b9e9c391d1d16cd4f46a2f044dd6043073947?s=96&d=mm&r=g\",\"caption\":\"joao.pedro@digiup.me\"}}]}<\/script>\n<!-- \/ Yoast SEO plugin. -->","yoast_head_json":{"title":"Les meilleurs points de vue du Douro - Discover Douro","robots":{"index":"index","follow":"follow","max-snippet":"max-snippet:-1","max-image-preview":"max-image-preview:large","max-video-preview":"max-video-preview:-1"},"canonical":"https:\/\/discoverdouro.pt\/fr\/os-mais-belos-miradouros-do-douro-ar-fr","og_locale":"fr_FR","og_type":"article","og_title":"Les meilleurs points de vue du Douro - Discover Douro","og_description":"Aquilino Ribeiro a dit un jour que \u00ab ceux qui ne se fatiguent pas atteignent \u00bb. Et c&#8217;est en plein c\u0153ur du Douro que nous mettons en valeur les meilleurs points de vue. Avec un paysage enviable, la vue vous invite \u00e0 visiter les tableaux du Douro. De A \u00e0 Z, nous vous indiquons ceux [&hellip;]","og_url":"https:\/\/discoverdouro.pt\/fr\/os-mais-belos-miradouros-do-douro-ar-fr","og_site_name":"Discover Douro","article_publisher":"https:\/\/www.facebook.com\/profile.php?id=61555234744391","article_published_time":"2024-05-12T22:00:00+00:00","article_modified_time":"2024-05-12T23:00:00+00:00","og_image":[{"width":1024,"height":575,"url":"https:\/\/discoverdouro.pt\/wp-content\/uploads\/2025\/01\/664227f4cf72ef7b10ac9133-1024x575.","type":"image\/png"}],"author":"joao.pedro@digiup.me","twitter_card":"summary_large_image","twitter_creator":"@DiscoverDouro","twitter_site":"@DiscoverDouro","twitter_misc":{"Written by":"joao.pedro@digiup.me","Est. reading time":"6 minutes"},"schema":{"@context":"https:\/\/schema.org","@graph":[{"@type":"Article","@id":"https:\/\/discoverdouro.pt\/fr\/os-mais-belos-miradouros-do-douro-ar-fr#article","isPartOf":{"@id":"https:\/\/discoverdouro.pt\/fr\/os-mais-belos-miradouros-do-douro-ar-fr"},"author":{"name":"joao.pedro@digiup.me","@id":"https:\/\/discoverdouro.pt\/fr#\/schema\/person\/3f2d159ab7b7ff3b58e4a78a036c171e"},"headline":"Les meilleurs points de vue du Douro","datePublished":"2024-05-12T22:00:00+00:00","dateModified":"2024-05-12T23:00:00+00:00","mainEntityOfPage":{"@id":"https:\/\/discoverdouro.pt\/fr\/os-mais-belos-miradouros-do-douro-ar-fr"},"wordCount":1161,"commentCount":0,"publisher":{"@id":"https:\/\/discoverdouro.pt\/fr#organization"},"image":{"@id":"https:\/\/discoverdouro.pt\/fr\/os-mais-belos-miradouros-do-douro-ar-fr#primaryimage"},"thumbnailUrl":"https:\/\/discoverdouro.pt\/wp-content\/uploads\/2025\/01\/664227f4cf72ef7b10ac9133","articleSection":["Non classifi\u00e9(e)","pois"],"inLanguage":"fr","potentialAction":[{"@type":"CommentAction","name":"Comment","target":["https:\/\/discoverdouro.pt\/fr\/os-mais-belos-miradouros-do-douro-ar-fr#respond"]}]},{"@type":"WebPage","@id":"https:\/\/discoverdouro.pt\/fr\/os-mais-belos-miradouros-do-douro-ar-fr","url":"https:\/\/discoverdouro.pt\/fr\/os-mais-belos-miradouros-do-douro-ar-fr","name":"Les meilleurs points de vue du Douro - Discover Douro","isPartOf":{"@id":"https:\/\/discoverdouro.pt\/fr#website"},"primaryImageOfPage":{"@id":"https:\/\/discoverdouro.pt\/fr\/os-mais-belos-miradouros-do-douro-ar-fr#primaryimage"},"image":{"@id":"https:\/\/discoverdouro.pt\/fr\/os-mais-belos-miradouros-do-douro-ar-fr#primaryimage"},"thumbnailUrl":"https:\/\/discoverdouro.pt\/wp-content\/uploads\/2025\/01\/664227f4cf72ef7b10ac9133","datePublished":"2024-05-12T22:00:00+00:00","dateModified":"2024-05-12T23:00:00+00:00","breadcrumb":{"@id":"https:\/\/discoverdouro.pt\/fr\/os-mais-belos-miradouros-do-douro-ar-fr#breadcrumb"},"inLanguage":"fr","potentialAction":[{"@type":"ReadAction","target":["https:\/\/discoverdouro.pt\/fr\/os-mais-belos-miradouros-do-douro-ar-fr"]}]},{"@type":"ImageObject","inLanguage":"fr","@id":"https:\/\/discoverdouro.pt\/fr\/os-mais-belos-miradouros-do-douro-ar-fr#primaryimage","url":"https:\/\/discoverdouro.pt\/wp-content\/uploads\/2025\/01\/664227f4cf72ef7b10ac9133","contentUrl":"https:\/\/discoverdouro.pt\/wp-content\/uploads\/2025\/01\/664227f4cf72ef7b10ac9133","width":3840,"height":2158},{"@type":"BreadcrumbList","@id":"https:\/\/discoverdouro.pt\/fr\/os-mais-belos-miradouros-do-douro-ar-fr#breadcrumb","itemListElement":[{"@type":"ListItem","position":1,"name":"Home","item":"https:\/\/discoverdouro.pt\/fr"},{"@type":"ListItem","position":2,"name":"Les meilleurs points de vue du Douro"}]},{"@type":"WebSite","@id":"https:\/\/discoverdouro.pt\/fr#website","url":"https:\/\/discoverdouro.pt\/fr","name":"Discover Douro","description":"O Para\u00edso de Portugal","publisher":{"@id":"https:\/\/discoverdouro.pt\/fr#organization"},"potentialAction":[{"@type":"SearchAction","target":{"@type":"EntryPoint","urlTemplate":"https:\/\/discoverdouro.pt\/fr?s={search_term_string}"},"query-input":{"@type":"PropertyValueSpecification","valueRequired":true,"valueName":"search_term_string"}}],"inLanguage":"fr"},{"@type":"Organization","@id":"https:\/\/discoverdouro.pt\/fr#organization","name":"Discover Douro","url":"https:\/\/discoverdouro.pt\/fr","logo":{"@type":"ImageObject","inLanguage":"fr","@id":"https:\/\/discoverdouro.pt\/fr#\/schema\/logo\/image\/","url":"https:\/\/www.discoverdouro.pt\/wp-content\/uploads\/2024\/01\/cropped-Icon_Discover.png","contentUrl":"https:\/\/www.discoverdouro.pt\/wp-content\/uploads\/2024\/01\/cropped-Icon_Discover.png","width":512,"height":512,"caption":"Discover Douro"},"image":{"@id":"https:\/\/discoverdouro.pt\/fr#\/schema\/logo\/image\/"},"sameAs":["https:\/\/www.facebook.com\/profile.php?id=61555234744391","https:\/\/x.com\/DiscoverDouro","https:\/\/www.instagram.com\/discover.douro","https:\/\/www.tiktok.com\/@discoverdouro","https:\/\/www.linkedin.com\/company\/discover-douro\/"]},{"@type":"Person","@id":"https:\/\/discoverdouro.pt\/fr#\/schema\/person\/3f2d159ab7b7ff3b58e4a78a036c171e","name":"joao.pedro@digiup.me","image":{"@type":"ImageObject","inLanguage":"fr","@id":"https:\/\/discoverdouro.pt\/fr#\/schema\/person\/image\/","url":"https:\/\/secure.gravatar.com\/avatar\/e82803344cd9072cbc54d090473b9e9c391d1d16cd4f46a2f044dd6043073947?s=96&d=mm&r=g","contentUrl":"https:\/\/secure.gravatar.com\/avatar\/e82803344cd9072cbc54d090473b9e9c391d1d16cd4f46a2f044dd6043073947?s=96&d=mm&r=g","caption":"joao.pedro@digiup.me"}}]}},"_links":{"self":[{"href":"https:\/\/discoverdouro.pt\/fr\/wp-json\/wp\/v2\/posts\/80241","targetHints":{"allow":["GET"]}}],"collection":[{"href":"https:\/\/discoverdouro.pt\/fr\/wp-json\/wp\/v2\/posts"}],"about":[{"href":"https:\/\/discoverdouro.pt\/fr\/wp-json\/wp\/v2\/types\/post"}],"author":[{"embeddable":true,"href":"https:\/\/discoverdouro.pt\/fr\/wp-json\/wp\/v2\/users\/41"}],"replies":[{"embeddable":true,"href":"https:\/\/discoverdouro.pt\/fr\/wp-json\/wp\/v2\/comments?post=80241"}],"version-history":[{"count":0,"href":"https:\/\/discoverdouro.pt\/fr\/wp-json\/wp\/v2\/posts\/80241\/revisions"}],"wp:featuredmedia":[{"embeddable":true,"href":"https:\/\/discoverdouro.pt\/fr\/wp-json\/wp\/v2\/media\/80235"}],"wp:attachment":[{"href":"https:\/\/discoverdouro.pt\/fr\/wp-json\/wp\/v2\/media?parent=80241"}],"wp:term":[{"taxonomy":"category","embeddable":true,"href":"https:\/\/discoverdouro.pt\/fr\/wp-json\/wp\/v2\/categories?post=80241"},{"taxonomy":"post_tag","embeddable":true,"href":"https:\/\/discoverdouro.pt\/fr\/wp-json\/wp\/v2\/tags?post=80241"}],"curies":[{"name":"wp","href":"https:\/\/api.w.org\/{rel}","templated":true}]}}