{"id":81075,"date":"2026-03-29T23:00:00","date_gmt":"2026-03-29T22:00:00","guid":{"rendered":"https:\/\/discoverdouro.pt\/o-manto-do-douro-fr"},"modified":"2026-04-06T18:02:13","modified_gmt":"2026-04-06T17:02:13","slug":"o-manto-do-douro-fr","status":"publish","type":"post","link":"https:\/\/discoverdouro.pt\/fr\/o-manto-do-douro-fr","title":{"rendered":"Le Manteau Blanc du Douro et la L\u00e9gende des Amandiers en Fleurs"},"content":{"rendered":"<p>La floraison des amandiers est l&#8217;un des \u00e9v\u00e9nements les plus marquants de la r\u00e9gion du Douro. Entre les mois de f\u00e9vrier et de mars, des communes telles que Vila Nova de Foz C\u00f4a, Torre de Moncorvo et Freixo de Espada \u00e0 Cinta se couvrent de blanc, cr\u00e9ant un paysage unique et \u00e9blouissant. Au-del\u00e0 d&#8217;\u00eatre un magnifique ph\u00e9nom\u00e8ne naturel, ce spectacle est entour\u00e9 d&#8217;une l\u00e9gende fascinante.<\/p>\n<p>La l\u00e9gende raconte que, dans la r\u00e9gion de l&#8217;actuelle Silves, en Algarve, un roi maure \u00e9pousa Gilda, une belle princesse nordique aux cheveux blonds et aux yeux bleus. Cependant, Gilda vivait plong\u00e9e dans une profonde tristesse, nostalgique de ses terres natales couvertes de neige, ce qui finit par la rendre malade. D\u00e9sesp\u00e9r\u00e9 de la r\u00e9jouir et de lui rendre la sant\u00e9, le roi suivit les conseils d&#8217;un prisonnier du Nord et ordonna la plantation de milliers d&#8217;amandiers. Le but \u00e9tait qu&#8217;\u00e0 l&#8217;arriv\u00e9e du printemps, les arbres se couvrent de fleurs blanches, cr\u00e9ant l&#8217;illusion d&#8217;un manteau de neige. Lorsque le printemps a fleuri, la princesse a d\u00e9couvert le paysage peint en blanc. Cette vision a gu\u00e9ri sa m\u00e9lancolie, apaisant enfin son mal du pays.<\/p>\n","protected":false},"excerpt":{"rendered":"<p>La floraison des amandiers est l&#8217;un des \u00e9v\u00e9nements les plus marquants de la r\u00e9gion du Douro. Entre les mois de f\u00e9vrier et de mars, des communes telles que Vila Nova de Foz C\u00f4a, Torre de Moncorvo et Freixo de Espada \u00e0 Cinta se couvrent de blanc, cr\u00e9ant un paysage unique et \u00e9blouissant. Au-del\u00e0 d&#8217;\u00eatre un [&hellip;]<\/p>\n","protected":false},"author":56,"featured_media":81081,"comment_status":"closed","ping_status":"closed","sticky":false,"template":"","format":"standard","meta":{"footnotes":""},"categories":[136],"tags":[],"class_list":["post-81075","post","type-post","status-publish","format-standard","has-post-thumbnail","hentry","category-non-classifiee"],"acf":[],"yoast_head":"<!-- This site is optimized with the Yoast SEO plugin v26.2 - https:\/\/yoast.com\/wordpress\/plugins\/seo\/ -->\n<title>Le Manteau Blanc du Douro et la L\u00e9gende des Amandiers en Fleurs - Discover Douro<\/title>\n<meta name=\"robots\" content=\"index, follow, max-snippet:-1, max-image-preview:large, max-video-preview:-1\" \/>\n<link rel=\"canonical\" href=\"https:\/\/discoverdouro.pt\/fr\/o-manto-do-douro-fr\" \/>\n<meta property=\"og:locale\" content=\"fr_FR\" \/>\n<meta property=\"og:type\" content=\"article\" \/>\n<meta property=\"og:title\" content=\"Le Manteau Blanc du Douro et la L\u00e9gende des Amandiers en Fleurs - Discover Douro\" \/>\n<meta property=\"og:description\" content=\"La floraison des amandiers est l&#8217;un des \u00e9v\u00e9nements les plus marquants de la r\u00e9gion du Douro. Entre les mois de f\u00e9vrier et de mars, des communes telles que Vila Nova de Foz C\u00f4a, Torre de Moncorvo et Freixo de Espada \u00e0 Cinta se couvrent de blanc, cr\u00e9ant un paysage unique et \u00e9blouissant. Au-del\u00e0 d&#8217;\u00eatre un [&hellip;]\" \/>\n<meta property=\"og:url\" content=\"https:\/\/discoverdouro.pt\/fr\/o-manto-do-douro-fr\" \/>\n<meta property=\"og:site_name\" content=\"Discover Douro\" \/>\n<meta property=\"article:publisher\" content=\"https:\/\/www.facebook.com\/profile.php?id=61555234744391\" \/>\n<meta property=\"article:published_time\" content=\"2026-03-29T22:00:00+00:00\" \/>\n<meta property=\"article:modified_time\" content=\"2026-04-06T17:02:13+00:00\" \/>\n<meta property=\"og:image\" content=\"https:\/\/discoverdouro.pt\/wp-content\/uploads\/2026\/03\/das3.png\" \/>\n\t<meta property=\"og:image:width\" content=\"1353\" \/>\n\t<meta property=\"og:image:height\" content=\"763\" \/>\n\t<meta property=\"og:image:type\" content=\"image\/png\" \/>\n<meta name=\"author\" content=\"Discover Douro\" \/>\n<meta name=\"twitter:card\" content=\"summary_large_image\" \/>\n<meta name=\"twitter:creator\" content=\"@DiscoverDouro\" \/>\n<meta name=\"twitter:site\" content=\"@DiscoverDouro\" \/>\n<meta name=\"twitter:label1\" content=\"Written by\" \/>\n\t<meta name=\"twitter:data1\" content=\"Discover Douro\" \/>\n\t<meta name=\"twitter:label2\" content=\"Est. reading time\" \/>\n\t<meta name=\"twitter:data2\" content=\"2 minutes\" \/>\n<script type=\"application\/ld+json\" class=\"yoast-schema-graph\">{\"@context\":\"https:\/\/schema.org\",\"@graph\":[{\"@type\":\"Article\",\"@id\":\"https:\/\/discoverdouro.pt\/fr\/o-manto-do-douro-fr#article\",\"isPartOf\":{\"@id\":\"https:\/\/discoverdouro.pt\/fr\/o-manto-do-douro-fr\"},\"author\":{\"name\":\"Discover Douro\",\"@id\":\"https:\/\/discoverdouro.pt\/fr#\/schema\/person\/c21ed30cb87c862b2e3ba2e7ea2e0f77\"},\"headline\":\"Le Manteau Blanc du Douro et la L\u00e9gende des Amandiers en Fleurs\",\"datePublished\":\"2026-03-29T22:00:00+00:00\",\"dateModified\":\"2026-04-06T17:02:13+00:00\",\"mainEntityOfPage\":{\"@id\":\"https:\/\/discoverdouro.pt\/fr\/o-manto-do-douro-fr\"},\"wordCount\":220,\"publisher\":{\"@id\":\"https:\/\/discoverdouro.pt\/fr#organization\"},\"image\":{\"@id\":\"https:\/\/discoverdouro.pt\/fr\/o-manto-do-douro-fr#primaryimage\"},\"thumbnailUrl\":\"https:\/\/discoverdouro.pt\/wp-content\/uploads\/2026\/03\/das3.png\",\"articleSection\":[\"Non classifi\u00e9(e)\"],\"inLanguage\":\"fr\"},{\"@type\":\"WebPage\",\"@id\":\"https:\/\/discoverdouro.pt\/fr\/o-manto-do-douro-fr\",\"url\":\"https:\/\/discoverdouro.pt\/fr\/o-manto-do-douro-fr\",\"name\":\"Le Manteau Blanc du Douro et la L\u00e9gende des Amandiers en Fleurs - Discover Douro\",\"isPartOf\":{\"@id\":\"https:\/\/discoverdouro.pt\/fr#website\"},\"primaryImageOfPage\":{\"@id\":\"https:\/\/discoverdouro.pt\/fr\/o-manto-do-douro-fr#primaryimage\"},\"image\":{\"@id\":\"https:\/\/discoverdouro.pt\/fr\/o-manto-do-douro-fr#primaryimage\"},\"thumbnailUrl\":\"https:\/\/discoverdouro.pt\/wp-content\/uploads\/2026\/03\/das3.png\",\"datePublished\":\"2026-03-29T22:00:00+00:00\",\"dateModified\":\"2026-04-06T17:02:13+00:00\",\"breadcrumb\":{\"@id\":\"https:\/\/discoverdouro.pt\/fr\/o-manto-do-douro-fr#breadcrumb\"},\"inLanguage\":\"fr\",\"potentialAction\":[{\"@type\":\"ReadAction\",\"target\":[\"https:\/\/discoverdouro.pt\/fr\/o-manto-do-douro-fr\"]}]},{\"@type\":\"ImageObject\",\"inLanguage\":\"fr\",\"@id\":\"https:\/\/discoverdouro.pt\/fr\/o-manto-do-douro-fr#primaryimage\",\"url\":\"https:\/\/discoverdouro.pt\/wp-content\/uploads\/2026\/03\/das3.png\",\"contentUrl\":\"https:\/\/discoverdouro.pt\/wp-content\/uploads\/2026\/03\/das3.png\",\"width\":1353,\"height\":763},{\"@type\":\"BreadcrumbList\",\"@id\":\"https:\/\/discoverdouro.pt\/fr\/o-manto-do-douro-fr#breadcrumb\",\"itemListElement\":[{\"@type\":\"ListItem\",\"position\":1,\"name\":\"Home\",\"item\":\"https:\/\/discoverdouro.pt\/fr\"},{\"@type\":\"ListItem\",\"position\":2,\"name\":\"Le Manteau Blanc du Douro et la L\u00e9gende des Amandiers en Fleurs\"}]},{\"@type\":\"WebSite\",\"@id\":\"https:\/\/discoverdouro.pt\/fr#website\",\"url\":\"https:\/\/discoverdouro.pt\/fr\",\"name\":\"Discover Douro\",\"description\":\"O Para\u00edso de Portugal\",\"publisher\":{\"@id\":\"https:\/\/discoverdouro.pt\/fr#organization\"},\"potentialAction\":[{\"@type\":\"SearchAction\",\"target\":{\"@type\":\"EntryPoint\",\"urlTemplate\":\"https:\/\/discoverdouro.pt\/fr?s={search_term_string}\"},\"query-input\":{\"@type\":\"PropertyValueSpecification\",\"valueRequired\":true,\"valueName\":\"search_term_string\"}}],\"inLanguage\":\"fr\"},{\"@type\":\"Organization\",\"@id\":\"https:\/\/discoverdouro.pt\/fr#organization\",\"name\":\"Discover Douro\",\"url\":\"https:\/\/discoverdouro.pt\/fr\",\"logo\":{\"@type\":\"ImageObject\",\"inLanguage\":\"fr\",\"@id\":\"https:\/\/discoverdouro.pt\/fr#\/schema\/logo\/image\/\",\"url\":\"https:\/\/www.discoverdouro.pt\/wp-content\/uploads\/2024\/01\/cropped-Icon_Discover.png\",\"contentUrl\":\"https:\/\/www.discoverdouro.pt\/wp-content\/uploads\/2024\/01\/cropped-Icon_Discover.png\",\"width\":512,\"height\":512,\"caption\":\"Discover Douro\"},\"image\":{\"@id\":\"https:\/\/discoverdouro.pt\/fr#\/schema\/logo\/image\/\"},\"sameAs\":[\"https:\/\/www.facebook.com\/profile.php?id=61555234744391\",\"https:\/\/x.com\/DiscoverDouro\",\"https:\/\/www.instagram.com\/discover.douro\",\"https:\/\/www.tiktok.com\/@discoverdouro\",\"https:\/\/www.linkedin.com\/company\/discover-douro\/\"]},{\"@type\":\"Person\",\"@id\":\"https:\/\/discoverdouro.pt\/fr#\/schema\/person\/c21ed30cb87c862b2e3ba2e7ea2e0f77\",\"name\":\"Discover Douro\",\"image\":{\"@type\":\"ImageObject\",\"inLanguage\":\"fr\",\"@id\":\"https:\/\/discoverdouro.pt\/fr#\/schema\/person\/image\/\",\"url\":\"https:\/\/secure.gravatar.com\/avatar\/080a3d249c71dba3676a664f112b5db1887232610f6a24ec4423ba9c7f1e600d?s=96&d=mm&r=g\",\"contentUrl\":\"https:\/\/secure.gravatar.com\/avatar\/080a3d249c71dba3676a664f112b5db1887232610f6a24ec4423ba9c7f1e600d?s=96&d=mm&r=g\",\"caption\":\"Discover Douro\"}}]}<\/script>\n<!-- \/ Yoast SEO plugin. -->","yoast_head_json":{"title":"Le Manteau Blanc du Douro et la L\u00e9gende des Amandiers en Fleurs - Discover Douro","robots":{"index":"index","follow":"follow","max-snippet":"max-snippet:-1","max-image-preview":"max-image-preview:large","max-video-preview":"max-video-preview:-1"},"canonical":"https:\/\/discoverdouro.pt\/fr\/o-manto-do-douro-fr","og_locale":"fr_FR","og_type":"article","og_title":"Le Manteau Blanc du Douro et la L\u00e9gende des Amandiers en Fleurs - Discover Douro","og_description":"La floraison des amandiers est l&#8217;un des \u00e9v\u00e9nements les plus marquants de la r\u00e9gion du Douro. Entre les mois de f\u00e9vrier et de mars, des communes telles que Vila Nova de Foz C\u00f4a, Torre de Moncorvo et Freixo de Espada \u00e0 Cinta se couvrent de blanc, cr\u00e9ant un paysage unique et \u00e9blouissant. Au-del\u00e0 d&#8217;\u00eatre un [&hellip;]","og_url":"https:\/\/discoverdouro.pt\/fr\/o-manto-do-douro-fr","og_site_name":"Discover Douro","article_publisher":"https:\/\/www.facebook.com\/profile.php?id=61555234744391","article_published_time":"2026-03-29T22:00:00+00:00","article_modified_time":"2026-04-06T17:02:13+00:00","og_image":[{"width":1353,"height":763,"url":"https:\/\/discoverdouro.pt\/wp-content\/uploads\/2026\/03\/das3.png","type":"image\/png"}],"author":"Discover Douro","twitter_card":"summary_large_image","twitter_creator":"@DiscoverDouro","twitter_site":"@DiscoverDouro","twitter_misc":{"Written by":"Discover Douro","Est. reading time":"2 minutes"},"schema":{"@context":"https:\/\/schema.org","@graph":[{"@type":"Article","@id":"https:\/\/discoverdouro.pt\/fr\/o-manto-do-douro-fr#article","isPartOf":{"@id":"https:\/\/discoverdouro.pt\/fr\/o-manto-do-douro-fr"},"author":{"name":"Discover Douro","@id":"https:\/\/discoverdouro.pt\/fr#\/schema\/person\/c21ed30cb87c862b2e3ba2e7ea2e0f77"},"headline":"Le Manteau Blanc du Douro et la L\u00e9gende des Amandiers en Fleurs","datePublished":"2026-03-29T22:00:00+00:00","dateModified":"2026-04-06T17:02:13+00:00","mainEntityOfPage":{"@id":"https:\/\/discoverdouro.pt\/fr\/o-manto-do-douro-fr"},"wordCount":220,"publisher":{"@id":"https:\/\/discoverdouro.pt\/fr#organization"},"image":{"@id":"https:\/\/discoverdouro.pt\/fr\/o-manto-do-douro-fr#primaryimage"},"thumbnailUrl":"https:\/\/discoverdouro.pt\/wp-content\/uploads\/2026\/03\/das3.png","articleSection":["Non classifi\u00e9(e)"],"inLanguage":"fr"},{"@type":"WebPage","@id":"https:\/\/discoverdouro.pt\/fr\/o-manto-do-douro-fr","url":"https:\/\/discoverdouro.pt\/fr\/o-manto-do-douro-fr","name":"Le Manteau Blanc du Douro et la L\u00e9gende des Amandiers en Fleurs - Discover Douro","isPartOf":{"@id":"https:\/\/discoverdouro.pt\/fr#website"},"primaryImageOfPage":{"@id":"https:\/\/discoverdouro.pt\/fr\/o-manto-do-douro-fr#primaryimage"},"image":{"@id":"https:\/\/discoverdouro.pt\/fr\/o-manto-do-douro-fr#primaryimage"},"thumbnailUrl":"https:\/\/discoverdouro.pt\/wp-content\/uploads\/2026\/03\/das3.png","datePublished":"2026-03-29T22:00:00+00:00","dateModified":"2026-04-06T17:02:13+00:00","breadcrumb":{"@id":"https:\/\/discoverdouro.pt\/fr\/o-manto-do-douro-fr#breadcrumb"},"inLanguage":"fr","potentialAction":[{"@type":"ReadAction","target":["https:\/\/discoverdouro.pt\/fr\/o-manto-do-douro-fr"]}]},{"@type":"ImageObject","inLanguage":"fr","@id":"https:\/\/discoverdouro.pt\/fr\/o-manto-do-douro-fr#primaryimage","url":"https:\/\/discoverdouro.pt\/wp-content\/uploads\/2026\/03\/das3.png","contentUrl":"https:\/\/discoverdouro.pt\/wp-content\/uploads\/2026\/03\/das3.png","width":1353,"height":763},{"@type":"BreadcrumbList","@id":"https:\/\/discoverdouro.pt\/fr\/o-manto-do-douro-fr#breadcrumb","itemListElement":[{"@type":"ListItem","position":1,"name":"Home","item":"https:\/\/discoverdouro.pt\/fr"},{"@type":"ListItem","position":2,"name":"Le Manteau Blanc du Douro et la L\u00e9gende des Amandiers en Fleurs"}]},{"@type":"WebSite","@id":"https:\/\/discoverdouro.pt\/fr#website","url":"https:\/\/discoverdouro.pt\/fr","name":"Discover Douro","description":"O Para\u00edso de Portugal","publisher":{"@id":"https:\/\/discoverdouro.pt\/fr#organization"},"potentialAction":[{"@type":"SearchAction","target":{"@type":"EntryPoint","urlTemplate":"https:\/\/discoverdouro.pt\/fr?s={search_term_string}"},"query-input":{"@type":"PropertyValueSpecification","valueRequired":true,"valueName":"search_term_string"}}],"inLanguage":"fr"},{"@type":"Organization","@id":"https:\/\/discoverdouro.pt\/fr#organization","name":"Discover Douro","url":"https:\/\/discoverdouro.pt\/fr","logo":{"@type":"ImageObject","inLanguage":"fr","@id":"https:\/\/discoverdouro.pt\/fr#\/schema\/logo\/image\/","url":"https:\/\/www.discoverdouro.pt\/wp-content\/uploads\/2024\/01\/cropped-Icon_Discover.png","contentUrl":"https:\/\/www.discoverdouro.pt\/wp-content\/uploads\/2024\/01\/cropped-Icon_Discover.png","width":512,"height":512,"caption":"Discover Douro"},"image":{"@id":"https:\/\/discoverdouro.pt\/fr#\/schema\/logo\/image\/"},"sameAs":["https:\/\/www.facebook.com\/profile.php?id=61555234744391","https:\/\/x.com\/DiscoverDouro","https:\/\/www.instagram.com\/discover.douro","https:\/\/www.tiktok.com\/@discoverdouro","https:\/\/www.linkedin.com\/company\/discover-douro\/"]},{"@type":"Person","@id":"https:\/\/discoverdouro.pt\/fr#\/schema\/person\/c21ed30cb87c862b2e3ba2e7ea2e0f77","name":"Discover Douro","image":{"@type":"ImageObject","inLanguage":"fr","@id":"https:\/\/discoverdouro.pt\/fr#\/schema\/person\/image\/","url":"https:\/\/secure.gravatar.com\/avatar\/080a3d249c71dba3676a664f112b5db1887232610f6a24ec4423ba9c7f1e600d?s=96&d=mm&r=g","contentUrl":"https:\/\/secure.gravatar.com\/avatar\/080a3d249c71dba3676a664f112b5db1887232610f6a24ec4423ba9c7f1e600d?s=96&d=mm&r=g","caption":"Discover Douro"}}]}},"_links":{"self":[{"href":"https:\/\/discoverdouro.pt\/fr\/wp-json\/wp\/v2\/posts\/81075","targetHints":{"allow":["GET"]}}],"collection":[{"href":"https:\/\/discoverdouro.pt\/fr\/wp-json\/wp\/v2\/posts"}],"about":[{"href":"https:\/\/discoverdouro.pt\/fr\/wp-json\/wp\/v2\/types\/post"}],"author":[{"embeddable":true,"href":"https:\/\/discoverdouro.pt\/fr\/wp-json\/wp\/v2\/users\/56"}],"replies":[{"embeddable":true,"href":"https:\/\/discoverdouro.pt\/fr\/wp-json\/wp\/v2\/comments?post=81075"}],"version-history":[{"count":1,"href":"https:\/\/discoverdouro.pt\/fr\/wp-json\/wp\/v2\/posts\/81075\/revisions"}],"predecessor-version":[{"id":81085,"href":"https:\/\/discoverdouro.pt\/fr\/wp-json\/wp\/v2\/posts\/81075\/revisions\/81085"}],"wp:featuredmedia":[{"embeddable":true,"href":"https:\/\/discoverdouro.pt\/fr\/wp-json\/wp\/v2\/media\/81081"}],"wp:attachment":[{"href":"https:\/\/discoverdouro.pt\/fr\/wp-json\/wp\/v2\/media?parent=81075"}],"wp:term":[{"taxonomy":"category","embeddable":true,"href":"https:\/\/discoverdouro.pt\/fr\/wp-json\/wp\/v2\/categories?post=81075"},{"taxonomy":"post_tag","embeddable":true,"href":"https:\/\/discoverdouro.pt\/fr\/wp-json\/wp\/v2\/tags?post=81075"}],"curies":[{"name":"wp","href":"https:\/\/api.w.org\/{rel}","templated":true}]}}