{"id":81129,"date":"2026-04-29T23:00:00","date_gmt":"2026-04-29T22:00:00","guid":{"rendered":"https:\/\/discoverdouro.pt\/5-miradouros-fr"},"modified":"2026-04-30T19:05:27","modified_gmt":"2026-04-30T18:05:27","slug":"5-miradouros-fr","status":"publish","type":"post","link":"https:\/\/discoverdouro.pt\/fr\/5-miradouros-fr","title":{"rendered":"5 Belv\u00e9d\u00e8res dans la Vall\u00e9e du Douro pour des Photos Inoubliables"},"content":{"rendered":"<p>La Vall\u00e9e du Douro est sans aucun doute l&#8217;une des r\u00e9gions les plus photog\u00e9niques au monde. Avec ses terrasses parfaitement dessin\u00e9es, son fleuve serein et la lumi\u00e8re dor\u00e9e qui baigne la vall\u00e9e, il n&#8217;est pas \u00e9tonnant que ce soit le paradis de tout photographe.<\/p>\n<p>Cependant, des endroits c\u00e9l\u00e8bres comme le belv\u00e9d\u00e8re de S\u00e3o Leonardo de Galafura ou celui de Casal de Loivos attirent g\u00e9n\u00e9ralement de grandes foules. Si vous cherchez \u00e0 \u00e9chapper aux itin\u00e9raires traditionnels et \u00e0 capturer l&#8217;essence pure de la vall\u00e9e en toute tranquillit\u00e9, <strong>Discover Douro<\/strong> a rassembl\u00e9 une liste de 5 belv\u00e9d\u00e8res moins connus qui offrent des vues panoramiques \u00e0 couper le souffle. Pr\u00e9parez votre appareil photo !<\/p>\n<h4>1. Belv\u00e9d\u00e8re de Ujo (Alij\u00f3)<\/h4>\n<p>Bien qu&#8217;il surplombe techniquement la rivi\u00e8re Tua (l&#8217;un des principaux affluents du Douro), ce belv\u00e9d\u00e8re \u00e0 S\u00e3o Mamede de Ribatua est l&#8217;un des secrets les mieux gard\u00e9s de la r\u00e9gion. La vue est dramatique : une vall\u00e9e profonde en forme de &#8220;U&#8221; parfait, flanqu\u00e9e de pentes rocheuses et sauvages.<\/p>\n<h4>2. Belv\u00e9d\u00e8re de Teixeir\u00f4 (Mes\u00e3o Frio)<\/h4>\n<p>Souvent ignor\u00e9 par ceux qui sont press\u00e9s d&#8217;atteindre le c\u0153ur du Douro, ce point \u00e0 Mes\u00e3o Frio est consid\u00e9r\u00e9 comme la &#8220;porte d&#8217;entr\u00e9e&#8221; de la r\u00e9gion viticole. Il offre une vue spectaculaire sur l&#8217;endroit o\u00f9 le fleuve Douro commence \u00e0 \u00eatre bord\u00e9 par les terrasses embl\u00e9matiques, marquant la transition entre la r\u00e9gion verdoyante du Minho et le paysage du Douro.<\/p>\n<h4>3. Belv\u00e9d\u00e8re de Santa B\u00e1rbara (Armamar)<\/h4>\n<p>Situ\u00e9 sur la rive sud du fleuve, dans la municipalit\u00e9 d&#8217;Armamar, ce belv\u00e9d\u00e8re \u00e0 c\u00f4t\u00e9 d&#8217;une petite chapelle offre une perspective compl\u00e8tement diff\u00e9rente de l&#8217;habituelle. D&#8217;ici, vous avez une vue d\u00e9gag\u00e9e sur Peso da R\u00e9gua et les vignobles qui s&#8217;\u00e9tendent \u00e0 perte de vue sur les pentes oppos\u00e9es.<\/p>\n<h4>4. Belv\u00e9d\u00e8re de S\u00e3o Domingos (Peso da R\u00e9gua)<\/h4>\n<p>Si le belv\u00e9d\u00e8re de Galafura est bond\u00e9, celui de S\u00e3o Domingos (\u00e0 Fontelas) est l&#8217;alternative parfaite et, pour beaucoup, encore plus sp\u00e9cial. Il se trouve au sommet d&#8217;une colline isol\u00e9e et offre une vue \u00e0 360 degr\u00e9s englobant la vall\u00e9e du Douro, la cha\u00eene de montagnes de Mar\u00e3o et celle de Meadas. C&#8217;est un lieu de paix absolue.<\/p>\n<h4>5. Belv\u00e9d\u00e8re de Vargelas (S\u00e3o Jo\u00e3o da Pesqueira)<\/h4>\n<p>En avan\u00e7ant vers le Douro Profond (pr\u00e8s de la transition vers le Douro Sup\u00e9rieur), le paysage devient plus aride, silencieux et imposant. La vue sur la r\u00e9gion de Vargelas est d&#8217;une beaut\u00e9 brute. C&#8217;est ici que l&#8217;on peut observer la c\u00e9l\u00e8bre ligne de train du Douro qui longe le fleuve, parfaitement encadr\u00e9e par les vastes vignobles de certains des domaines les plus prestigieux au monde.<\/p>\n<p><strong>Pr\u00eat \u00e0 explorer le Douro hors des sentiers battus ?<\/strong> La beaut\u00e9 de la Vall\u00e9e du Douro r\u00e9side dans ses coins cach\u00e9s. Si vous souhaitez d\u00e9couvrir ces lieux exclusifs et d&#8217;autres sans avoir \u00e0 vous soucier des cartes ou des routes sinueuses, rejoignez-nous chez <strong>Discover Douro<\/strong>. Nous cr\u00e9ons des exp\u00e9riences sur mesure pour que vous rameniez chez vous non seulement de superbes photographies, mais des souvenirs inoubliables.<\/p>\n<p><em>Partagez vos photos avec nous en utilisant #DiscoverDouro et identifiez-nous lors de vos voyages !<\/em><\/p>\n","protected":false},"excerpt":{"rendered":"<p>La Vall\u00e9e du Douro est sans aucun doute l&#8217;une des r\u00e9gions les plus photog\u00e9niques au monde. Avec ses terrasses parfaitement dessin\u00e9es, son fleuve serein et la lumi\u00e8re dor\u00e9e qui baigne la vall\u00e9e, il n&#8217;est pas \u00e9tonnant que ce soit le paradis de tout photographe. Cependant, des endroits c\u00e9l\u00e8bres comme le belv\u00e9d\u00e8re de S\u00e3o Leonardo de [&hellip;]<\/p>\n","protected":false},"author":56,"featured_media":81136,"comment_status":"closed","ping_status":"closed","sticky":false,"template":"","format":"standard","meta":{"footnotes":""},"categories":[136],"tags":[],"class_list":["post-81129","post","type-post","status-publish","format-standard","has-post-thumbnail","hentry","category-non-classifiee"],"acf":[],"yoast_head":"<!-- This site is optimized with the Yoast SEO plugin v26.2 - https:\/\/yoast.com\/wordpress\/plugins\/seo\/ -->\n<title>5 Belv\u00e9d\u00e8res dans la Vall\u00e9e du Douro pour des Photos Inoubliables - Discover Douro<\/title>\n<meta name=\"robots\" content=\"index, follow, max-snippet:-1, max-image-preview:large, max-video-preview:-1\" \/>\n<link rel=\"canonical\" href=\"https:\/\/discoverdouro.pt\/fr\/5-miradouros-fr\" \/>\n<meta property=\"og:locale\" content=\"fr_FR\" \/>\n<meta property=\"og:type\" content=\"article\" \/>\n<meta property=\"og:title\" content=\"5 Belv\u00e9d\u00e8res dans la Vall\u00e9e du Douro pour des Photos Inoubliables - Discover Douro\" \/>\n<meta property=\"og:description\" content=\"La Vall\u00e9e du Douro est sans aucun doute l&#8217;une des r\u00e9gions les plus photog\u00e9niques au monde. Avec ses terrasses parfaitement dessin\u00e9es, son fleuve serein et la lumi\u00e8re dor\u00e9e qui baigne la vall\u00e9e, il n&#8217;est pas \u00e9tonnant que ce soit le paradis de tout photographe. Cependant, des endroits c\u00e9l\u00e8bres comme le belv\u00e9d\u00e8re de S\u00e3o Leonardo de [&hellip;]\" \/>\n<meta property=\"og:url\" content=\"https:\/\/discoverdouro.pt\/fr\/5-miradouros-fr\" \/>\n<meta property=\"og:site_name\" content=\"Discover Douro\" \/>\n<meta property=\"article:publisher\" content=\"https:\/\/www.facebook.com\/profile.php?id=61555234744391\" \/>\n<meta property=\"article:published_time\" content=\"2026-04-29T22:00:00+00:00\" \/>\n<meta property=\"article:modified_time\" content=\"2026-04-30T18:05:27+00:00\" \/>\n<meta property=\"og:image\" content=\"https:\/\/discoverdouro.pt\/wp-content\/uploads\/2026\/04\/fr-100-1.jpg\" \/>\n\t<meta property=\"og:image:width\" content=\"1537\" \/>\n\t<meta property=\"og:image:height\" content=\"864\" \/>\n\t<meta property=\"og:image:type\" content=\"image\/jpeg\" \/>\n<meta name=\"author\" content=\"Discover Douro\" \/>\n<meta name=\"twitter:card\" content=\"summary_large_image\" \/>\n<meta name=\"twitter:creator\" content=\"@DiscoverDouro\" \/>\n<meta name=\"twitter:site\" content=\"@DiscoverDouro\" \/>\n<meta name=\"twitter:label1\" content=\"Written by\" \/>\n\t<meta name=\"twitter:data1\" content=\"Discover Douro\" \/>\n\t<meta name=\"twitter:label2\" content=\"Est. reading time\" \/>\n\t<meta name=\"twitter:data2\" content=\"3 minutes\" \/>\n<script type=\"application\/ld+json\" class=\"yoast-schema-graph\">{\"@context\":\"https:\/\/schema.org\",\"@graph\":[{\"@type\":\"Article\",\"@id\":\"https:\/\/discoverdouro.pt\/fr\/5-miradouros-fr#article\",\"isPartOf\":{\"@id\":\"https:\/\/discoverdouro.pt\/fr\/5-miradouros-fr\"},\"author\":{\"name\":\"Discover Douro\",\"@id\":\"https:\/\/discoverdouro.pt\/fr#\/schema\/person\/c21ed30cb87c862b2e3ba2e7ea2e0f77\"},\"headline\":\"5 Belv\u00e9d\u00e8res dans la Vall\u00e9e du Douro pour des Photos Inoubliables\",\"datePublished\":\"2026-04-29T22:00:00+00:00\",\"dateModified\":\"2026-04-30T18:05:27+00:00\",\"mainEntityOfPage\":{\"@id\":\"https:\/\/discoverdouro.pt\/fr\/5-miradouros-fr\"},\"wordCount\":580,\"publisher\":{\"@id\":\"https:\/\/discoverdouro.pt\/fr#organization\"},\"image\":{\"@id\":\"https:\/\/discoverdouro.pt\/fr\/5-miradouros-fr#primaryimage\"},\"thumbnailUrl\":\"https:\/\/discoverdouro.pt\/wp-content\/uploads\/2026\/04\/fr-100-1.jpg\",\"articleSection\":[\"Non classifi\u00e9(e)\"],\"inLanguage\":\"fr\"},{\"@type\":\"WebPage\",\"@id\":\"https:\/\/discoverdouro.pt\/fr\/5-miradouros-fr\",\"url\":\"https:\/\/discoverdouro.pt\/fr\/5-miradouros-fr\",\"name\":\"5 Belv\u00e9d\u00e8res dans la Vall\u00e9e du Douro pour des Photos Inoubliables - Discover Douro\",\"isPartOf\":{\"@id\":\"https:\/\/discoverdouro.pt\/fr#website\"},\"primaryImageOfPage\":{\"@id\":\"https:\/\/discoverdouro.pt\/fr\/5-miradouros-fr#primaryimage\"},\"image\":{\"@id\":\"https:\/\/discoverdouro.pt\/fr\/5-miradouros-fr#primaryimage\"},\"thumbnailUrl\":\"https:\/\/discoverdouro.pt\/wp-content\/uploads\/2026\/04\/fr-100-1.jpg\",\"datePublished\":\"2026-04-29T22:00:00+00:00\",\"dateModified\":\"2026-04-30T18:05:27+00:00\",\"breadcrumb\":{\"@id\":\"https:\/\/discoverdouro.pt\/fr\/5-miradouros-fr#breadcrumb\"},\"inLanguage\":\"fr\",\"potentialAction\":[{\"@type\":\"ReadAction\",\"target\":[\"https:\/\/discoverdouro.pt\/fr\/5-miradouros-fr\"]}]},{\"@type\":\"ImageObject\",\"inLanguage\":\"fr\",\"@id\":\"https:\/\/discoverdouro.pt\/fr\/5-miradouros-fr#primaryimage\",\"url\":\"https:\/\/discoverdouro.pt\/wp-content\/uploads\/2026\/04\/fr-100-1.jpg\",\"contentUrl\":\"https:\/\/discoverdouro.pt\/wp-content\/uploads\/2026\/04\/fr-100-1.jpg\",\"width\":1537,\"height\":864},{\"@type\":\"BreadcrumbList\",\"@id\":\"https:\/\/discoverdouro.pt\/fr\/5-miradouros-fr#breadcrumb\",\"itemListElement\":[{\"@type\":\"ListItem\",\"position\":1,\"name\":\"Home\",\"item\":\"https:\/\/discoverdouro.pt\/fr\"},{\"@type\":\"ListItem\",\"position\":2,\"name\":\"5 Belv\u00e9d\u00e8res dans la Vall\u00e9e du Douro pour des Photos Inoubliables\"}]},{\"@type\":\"WebSite\",\"@id\":\"https:\/\/discoverdouro.pt\/fr#website\",\"url\":\"https:\/\/discoverdouro.pt\/fr\",\"name\":\"Discover Douro\",\"description\":\"O Para\u00edso de Portugal\",\"publisher\":{\"@id\":\"https:\/\/discoverdouro.pt\/fr#organization\"},\"potentialAction\":[{\"@type\":\"SearchAction\",\"target\":{\"@type\":\"EntryPoint\",\"urlTemplate\":\"https:\/\/discoverdouro.pt\/fr?s={search_term_string}\"},\"query-input\":{\"@type\":\"PropertyValueSpecification\",\"valueRequired\":true,\"valueName\":\"search_term_string\"}}],\"inLanguage\":\"fr\"},{\"@type\":\"Organization\",\"@id\":\"https:\/\/discoverdouro.pt\/fr#organization\",\"name\":\"Discover Douro\",\"url\":\"https:\/\/discoverdouro.pt\/fr\",\"logo\":{\"@type\":\"ImageObject\",\"inLanguage\":\"fr\",\"@id\":\"https:\/\/discoverdouro.pt\/fr#\/schema\/logo\/image\/\",\"url\":\"https:\/\/www.discoverdouro.pt\/wp-content\/uploads\/2024\/01\/cropped-Icon_Discover.png\",\"contentUrl\":\"https:\/\/www.discoverdouro.pt\/wp-content\/uploads\/2024\/01\/cropped-Icon_Discover.png\",\"width\":512,\"height\":512,\"caption\":\"Discover Douro\"},\"image\":{\"@id\":\"https:\/\/discoverdouro.pt\/fr#\/schema\/logo\/image\/\"},\"sameAs\":[\"https:\/\/www.facebook.com\/profile.php?id=61555234744391\",\"https:\/\/x.com\/DiscoverDouro\",\"https:\/\/www.instagram.com\/discover.douro\",\"https:\/\/www.tiktok.com\/@discoverdouro\",\"https:\/\/www.linkedin.com\/company\/discover-douro\/\"]},{\"@type\":\"Person\",\"@id\":\"https:\/\/discoverdouro.pt\/fr#\/schema\/person\/c21ed30cb87c862b2e3ba2e7ea2e0f77\",\"name\":\"Discover Douro\",\"image\":{\"@type\":\"ImageObject\",\"inLanguage\":\"fr\",\"@id\":\"https:\/\/discoverdouro.pt\/fr#\/schema\/person\/image\/\",\"url\":\"https:\/\/secure.gravatar.com\/avatar\/080a3d249c71dba3676a664f112b5db1887232610f6a24ec4423ba9c7f1e600d?s=96&d=mm&r=g\",\"contentUrl\":\"https:\/\/secure.gravatar.com\/avatar\/080a3d249c71dba3676a664f112b5db1887232610f6a24ec4423ba9c7f1e600d?s=96&d=mm&r=g\",\"caption\":\"Discover Douro\"}}]}<\/script>\n<!-- \/ Yoast SEO plugin. -->","yoast_head_json":{"title":"5 Belv\u00e9d\u00e8res dans la Vall\u00e9e du Douro pour des Photos Inoubliables - Discover Douro","robots":{"index":"index","follow":"follow","max-snippet":"max-snippet:-1","max-image-preview":"max-image-preview:large","max-video-preview":"max-video-preview:-1"},"canonical":"https:\/\/discoverdouro.pt\/fr\/5-miradouros-fr","og_locale":"fr_FR","og_type":"article","og_title":"5 Belv\u00e9d\u00e8res dans la Vall\u00e9e du Douro pour des Photos Inoubliables - Discover Douro","og_description":"La Vall\u00e9e du Douro est sans aucun doute l&#8217;une des r\u00e9gions les plus photog\u00e9niques au monde. Avec ses terrasses parfaitement dessin\u00e9es, son fleuve serein et la lumi\u00e8re dor\u00e9e qui baigne la vall\u00e9e, il n&#8217;est pas \u00e9tonnant que ce soit le paradis de tout photographe. Cependant, des endroits c\u00e9l\u00e8bres comme le belv\u00e9d\u00e8re de S\u00e3o Leonardo de [&hellip;]","og_url":"https:\/\/discoverdouro.pt\/fr\/5-miradouros-fr","og_site_name":"Discover Douro","article_publisher":"https:\/\/www.facebook.com\/profile.php?id=61555234744391","article_published_time":"2026-04-29T22:00:00+00:00","article_modified_time":"2026-04-30T18:05:27+00:00","og_image":[{"width":1537,"height":864,"url":"https:\/\/discoverdouro.pt\/wp-content\/uploads\/2026\/04\/fr-100-1.jpg","type":"image\/jpeg"}],"author":"Discover Douro","twitter_card":"summary_large_image","twitter_creator":"@DiscoverDouro","twitter_site":"@DiscoverDouro","twitter_misc":{"Written by":"Discover Douro","Est. reading time":"3 minutes"},"schema":{"@context":"https:\/\/schema.org","@graph":[{"@type":"Article","@id":"https:\/\/discoverdouro.pt\/fr\/5-miradouros-fr#article","isPartOf":{"@id":"https:\/\/discoverdouro.pt\/fr\/5-miradouros-fr"},"author":{"name":"Discover Douro","@id":"https:\/\/discoverdouro.pt\/fr#\/schema\/person\/c21ed30cb87c862b2e3ba2e7ea2e0f77"},"headline":"5 Belv\u00e9d\u00e8res dans la Vall\u00e9e du Douro pour des Photos Inoubliables","datePublished":"2026-04-29T22:00:00+00:00","dateModified":"2026-04-30T18:05:27+00:00","mainEntityOfPage":{"@id":"https:\/\/discoverdouro.pt\/fr\/5-miradouros-fr"},"wordCount":580,"publisher":{"@id":"https:\/\/discoverdouro.pt\/fr#organization"},"image":{"@id":"https:\/\/discoverdouro.pt\/fr\/5-miradouros-fr#primaryimage"},"thumbnailUrl":"https:\/\/discoverdouro.pt\/wp-content\/uploads\/2026\/04\/fr-100-1.jpg","articleSection":["Non classifi\u00e9(e)"],"inLanguage":"fr"},{"@type":"WebPage","@id":"https:\/\/discoverdouro.pt\/fr\/5-miradouros-fr","url":"https:\/\/discoverdouro.pt\/fr\/5-miradouros-fr","name":"5 Belv\u00e9d\u00e8res dans la Vall\u00e9e du Douro pour des Photos Inoubliables - Discover Douro","isPartOf":{"@id":"https:\/\/discoverdouro.pt\/fr#website"},"primaryImageOfPage":{"@id":"https:\/\/discoverdouro.pt\/fr\/5-miradouros-fr#primaryimage"},"image":{"@id":"https:\/\/discoverdouro.pt\/fr\/5-miradouros-fr#primaryimage"},"thumbnailUrl":"https:\/\/discoverdouro.pt\/wp-content\/uploads\/2026\/04\/fr-100-1.jpg","datePublished":"2026-04-29T22:00:00+00:00","dateModified":"2026-04-30T18:05:27+00:00","breadcrumb":{"@id":"https:\/\/discoverdouro.pt\/fr\/5-miradouros-fr#breadcrumb"},"inLanguage":"fr","potentialAction":[{"@type":"ReadAction","target":["https:\/\/discoverdouro.pt\/fr\/5-miradouros-fr"]}]},{"@type":"ImageObject","inLanguage":"fr","@id":"https:\/\/discoverdouro.pt\/fr\/5-miradouros-fr#primaryimage","url":"https:\/\/discoverdouro.pt\/wp-content\/uploads\/2026\/04\/fr-100-1.jpg","contentUrl":"https:\/\/discoverdouro.pt\/wp-content\/uploads\/2026\/04\/fr-100-1.jpg","width":1537,"height":864},{"@type":"BreadcrumbList","@id":"https:\/\/discoverdouro.pt\/fr\/5-miradouros-fr#breadcrumb","itemListElement":[{"@type":"ListItem","position":1,"name":"Home","item":"https:\/\/discoverdouro.pt\/fr"},{"@type":"ListItem","position":2,"name":"5 Belv\u00e9d\u00e8res dans la Vall\u00e9e du Douro pour des Photos Inoubliables"}]},{"@type":"WebSite","@id":"https:\/\/discoverdouro.pt\/fr#website","url":"https:\/\/discoverdouro.pt\/fr","name":"Discover Douro","description":"O Para\u00edso de Portugal","publisher":{"@id":"https:\/\/discoverdouro.pt\/fr#organization"},"potentialAction":[{"@type":"SearchAction","target":{"@type":"EntryPoint","urlTemplate":"https:\/\/discoverdouro.pt\/fr?s={search_term_string}"},"query-input":{"@type":"PropertyValueSpecification","valueRequired":true,"valueName":"search_term_string"}}],"inLanguage":"fr"},{"@type":"Organization","@id":"https:\/\/discoverdouro.pt\/fr#organization","name":"Discover Douro","url":"https:\/\/discoverdouro.pt\/fr","logo":{"@type":"ImageObject","inLanguage":"fr","@id":"https:\/\/discoverdouro.pt\/fr#\/schema\/logo\/image\/","url":"https:\/\/www.discoverdouro.pt\/wp-content\/uploads\/2024\/01\/cropped-Icon_Discover.png","contentUrl":"https:\/\/www.discoverdouro.pt\/wp-content\/uploads\/2024\/01\/cropped-Icon_Discover.png","width":512,"height":512,"caption":"Discover Douro"},"image":{"@id":"https:\/\/discoverdouro.pt\/fr#\/schema\/logo\/image\/"},"sameAs":["https:\/\/www.facebook.com\/profile.php?id=61555234744391","https:\/\/x.com\/DiscoverDouro","https:\/\/www.instagram.com\/discover.douro","https:\/\/www.tiktok.com\/@discoverdouro","https:\/\/www.linkedin.com\/company\/discover-douro\/"]},{"@type":"Person","@id":"https:\/\/discoverdouro.pt\/fr#\/schema\/person\/c21ed30cb87c862b2e3ba2e7ea2e0f77","name":"Discover Douro","image":{"@type":"ImageObject","inLanguage":"fr","@id":"https:\/\/discoverdouro.pt\/fr#\/schema\/person\/image\/","url":"https:\/\/secure.gravatar.com\/avatar\/080a3d249c71dba3676a664f112b5db1887232610f6a24ec4423ba9c7f1e600d?s=96&d=mm&r=g","contentUrl":"https:\/\/secure.gravatar.com\/avatar\/080a3d249c71dba3676a664f112b5db1887232610f6a24ec4423ba9c7f1e600d?s=96&d=mm&r=g","caption":"Discover Douro"}}]}},"_links":{"self":[{"href":"https:\/\/discoverdouro.pt\/fr\/wp-json\/wp\/v2\/posts\/81129","targetHints":{"allow":["GET"]}}],"collection":[{"href":"https:\/\/discoverdouro.pt\/fr\/wp-json\/wp\/v2\/posts"}],"about":[{"href":"https:\/\/discoverdouro.pt\/fr\/wp-json\/wp\/v2\/types\/post"}],"author":[{"embeddable":true,"href":"https:\/\/discoverdouro.pt\/fr\/wp-json\/wp\/v2\/users\/56"}],"replies":[{"embeddable":true,"href":"https:\/\/discoverdouro.pt\/fr\/wp-json\/wp\/v2\/comments?post=81129"}],"version-history":[{"count":1,"href":"https:\/\/discoverdouro.pt\/fr\/wp-json\/wp\/v2\/posts\/81129\/revisions"}],"predecessor-version":[{"id":81140,"href":"https:\/\/discoverdouro.pt\/fr\/wp-json\/wp\/v2\/posts\/81129\/revisions\/81140"}],"wp:featuredmedia":[{"embeddable":true,"href":"https:\/\/discoverdouro.pt\/fr\/wp-json\/wp\/v2\/media\/81136"}],"wp:attachment":[{"href":"https:\/\/discoverdouro.pt\/fr\/wp-json\/wp\/v2\/media?parent=81129"}],"wp:term":[{"taxonomy":"category","embeddable":true,"href":"https:\/\/discoverdouro.pt\/fr\/wp-json\/wp\/v2\/categories?post=81129"},{"taxonomy":"post_tag","embeddable":true,"href":"https:\/\/discoverdouro.pt\/fr\/wp-json\/wp\/v2\/tags?post=81129"}],"curies":[{"name":"wp","href":"https:\/\/api.w.org\/{rel}","templated":true}]}}